{"id":34009,"date":"2025-05-03T20:00:21","date_gmt":"2025-05-03T20:00:21","guid":{"rendered":"https:\/\/ikimisli.tr\/?p=34009"},"modified":"2025-05-03T20:00:21","modified_gmt":"2025-05-03T20:00:21","slug":"2024-yilinda-en-cok-sikayet-edilen-bakanlik-belli-oldu","status":"publish","type":"post","link":"https:\/\/ikimisli.tr\/index.php\/2025\/05\/03\/2024-yilinda-en-cok-sikayet-edilen-bakanlik-belli-oldu\/","title":{"rendered":"2024 y\u0131l\u0131nda en \u00e7ok \u015fikayet edilen bakanl\u0131k belli oldu"},"content":{"rendered":"<p>TBMM Dilek\u00e7e Komitesi ile \u0130nsan Haklar\u0131n\u0131 \u0130nceleme Kurulu \u00fcyelerinden olu\u015fan Karma Komisyon, Dilek\u00e7e Komisyonu Ba\u015fkan\u0131 AKP Adana Milletvekili Sunay Karam\u0131k ba\u015fkanl\u0131\u011f\u0131nda topland\u0131. Kurulda, Kamu Denet\u00e7ili\u011fi Kurumu\u2019nun 2024 Y\u0131ll\u0131k Raporu sunumu yap\u0131ld\u0131. Raporun detayl\u0131 incelenmesi i\u00e7in 14 \u00fcyeli alt kurul kuruldu.<\/p>\n<p><b>14 B\u0130N 762 M\u00dcRACAAT YAPILDI<\/b><\/p>\n<p>Kamu Ba\u015fdenet\u00e7isi Mehmet Akarca, sunumunda 2024 y\u0131l\u0131nda Kamu Denet\u00e7ili\u011fi Kurumu\u2019na 14 bin 762 m\u00fcracaat ula\u015ft\u0131\u011f\u0131n\u0131 s\u00f6yledi. 2023 y\u0131l\u0131ndan devreden bin 792 m\u00fcracaat ile birlikte toplam 16 bin 504 adet m\u00fcracaat\u0131n incelendi\u011fine de\u011finen Akarya, \u015funlar\u0131 s\u00f6yledi:<\/p>\n<p>*2024 y\u0131l\u0131nda s\u00fcrece al\u0131narak bunlardan 15 bin 751 adedi yani y\u00fczde 95,15&#8217;i kurumumuz taraf\u0131ndan sonu\u00e7land\u0131r\u0131lm\u0131\u015ft\u0131r. Kelam konusu datalar kar\u015f\u0131s\u0131nda kurumumuzun s\u00fcratli ve aktif bir halde faaliyet g\u00f6sterdi\u011fi a\u00e7\u0131k olup bu verimlili\u011fin artmas\u0131 i\u00e7in u\u011fra\u015flar\u0131m\u0131z\u0131n devam edece\u011fini belirtmek isterim.<\/p>\n<p>*Bizim \u00f6m\u00fcr\u00fcz ve y\u00f6netmelik gere\u011fi alt\u0131 ay i\u00e7erisinde biz m\u00fcracaatlar\u0131 bitirmek i\u00e7in \u00e7ok \u00e7al\u0131\u015fmaktay\u0131z. 2024 y\u0131l\u0131nda yap\u0131lan \u015fikayet m\u00fcracaatlar\u0131 husus bazl\u0131 de\u011ferlendirildi\u011finde en fazla m\u00fcracaat\u0131n y\u00fczde 22,93 ile adalet, ulusal savunma ve g\u00fcvenlik bahis ba\u015fl\u0131\u011f\u0131 alt\u0131nda kurumumuza ula\u015ft\u0131\u011f\u0131 g\u00f6r\u00fcld\u00fc.<\/p>\n<p>*Kamu i\u015f\u00e7i rejimi alan\u0131nda ise y\u00fczde 21,47, e\u011fitim, \u00f6\u011fretim, gen\u00e7lik ve spor alan\u0131nda ise y\u00fczde 8,45, mahalli y\u00f6netimlerde y\u00fcr\u00fct\u00fclen hizmetler kapsam\u0131nda ise y\u00fczde 7,28, \u00e7al\u0131\u015fma ve toplumsal g\u00fcvenlik alanlar\u0131 ise y\u00fczde 7,4 ve iktisat maliye vergi alanlar\u0131 ise y\u00fczde 5,23 oran\u0131nda m\u00fcracaat yap\u0131ld\u0131\u011f\u0131 g\u00f6r\u00fclmektedir. <\/p>\n<p><b>Y\u00dcZDE 18,68 \u0130LE ADALET BAKANLI\u011eI \u015e\u0130KAYET ED\u0130LD\u0130<\/b><\/p>\n<p>*Kurumumuza 2024 y\u0131l\u0131nda ula\u015fan \u015fikayet m\u00fcracaatlar\u0131 \u015fikayete bahis y\u00f6netim kapsam\u0131nda de\u011ferlendirildi\u011finde y\u00fczde 18,68&#8217;lik oranla Adalet Bakanl\u0131\u011f\u0131&#8217;n\u0131n birinci s\u0131rada oldu\u011fu tespit edilmi\u015ftir.<\/p>\n<p>*Sa\u011fl\u0131k Bakanl\u0131\u011f\u0131&#8217;n\u0131n husus edindi\u011fi m\u00fcracaat oran\u0131 ise y\u00fczde 6,35 ile  Ulusal E\u011fitim Bakanl\u0131\u011f\u0131&#8217;n\u0131n husus edildi\u011fi m\u00fcracaat oran\u0131 ise y\u00fczde 5,97, Toplumsal G\u00fcvenlik Kurumu&#8217;nun bahis edildi\u011fi m\u00fcracaat oran\u0131 ise y\u00fczde 4,40 oldu\u011fu hesaplanm\u0131\u015ft\u0131r.<\/p>\n<p>*Kurumumuz taraf\u0131ndan 2024 y\u0131l\u0131nda sonu\u00e7land\u0131r\u0131lan 15 bin 751  m\u00fcracaat\u0131n 4 bin 999  adedi kabul edilebilen nitelikte de\u011ferlendirilmi\u015ftir. Bu kapsamda kurumumuza 2024 y\u0131l\u0131nda yap\u0131lan m\u00fcracaatlar\u0131n kabul edilebilirlik oran\u0131 y\u00fczde 31,74 olarak ger\u00e7ekle\u015fmi\u015ftir.<\/p>\n<p>*Bu oran\u0131n kurumumuzu vazife alan\u0131na girmeyen m\u00fcracaatlar, idari makamlara m\u00fcracaat yap\u0131lmadan direkt kurumumuza yap\u0131lan m\u00fcracaatlar, m\u00fcracaat\u0131n menfaatini etkilemeyen m\u00fcracaatlar ve yarg\u0131 organlar\u0131nda sonu\u00e7land\u0131r\u0131lm\u0131\u015f ya da yarg\u0131 organlar\u0131nda g\u00f6r\u00fclmekte olan m\u00fcracaatlardan kaynakland\u0131\u011f\u0131 anla\u015f\u0131lm\u0131\u015ft\u0131r.<\/p>\n<p>*Di\u011fer \u00fclke ombudsmanl\u0131k kurumlar\u0131 ile k\u0131yasland\u0131\u011f\u0131nda, bu oran\u0131n ortalaman\u0131n \u00fczerinde oldu\u011funu g\u00f6rmek memnuniyet vericidir. Buna kar\u015f\u0131l\u0131k, bireyler nezdinde mevcut problemlerin tahlilini sa\u011flamak i\u00e7in kabul edilebilir nitelikteki m\u00fcracaat say\u0131s\u0131n\u0131n art\u0131r\u0131lmas\u0131 gerekti\u011fi a\u00e7\u0131kt\u0131r.<\/p>\n<p><b>&#8220;\u00dcCRETS\u0130Z AVUKATLIK YAPMAKTAYIZ&#8221;<\/b><\/p>\n<p>\u201cBiz burada halk\u0131n fiyats\u0131z avukatl\u0131\u011f\u0131 yapmaktay\u0131z\u201d diyen Akarca, t\u0131pk\u0131 vakitte y\u00f6netime de yeterli idare prensiplerini hayata ge\u00e7irmesi konusunda yeniden fiyats\u0131z t\u00fczel dan\u0131\u015fmanl\u0131k yapt\u0131klar\u0131n\u0131 s\u00f6yledi. <\/p>\n<p><b>&#8220;\u0130K\u0130 B\u0130N 498\u2019\u0130 DOST\u00c7A TAHL\u0130LLE SONU\u00c7LANDI\u201d<\/b><\/p>\n<p>Akarca, KDK\u2019n\u0131n as\u0131l emelinin vatanda\u015f\u0131n yarg\u0131 yoluna ba\u015fvurmadan hak etti\u011fi vakitte hakk\u0131na ula\u015fabilmesini sa\u011flamak oldu\u011funa dikkat \u00e7ekerek, \u015funlar\u0131 s\u00f6yledi;<\/p>\n<p>*Bu kapsamda 2024 y\u0131l\u0131nda kurumumuza ula\u015fan m\u00fcracaatlar\u0131n bin 129 adedi g\u00f6nderme karar\u0131 olmak \u00fczere toplam iki bin 498 adedi dost\u00e7a tahlil ile sonu\u00e7lanm\u0131\u015ft\u0131r.<\/p>\n<p>*Bununla birlikte kurumumuz yapm\u0131\u015f oldu\u011fu inceleme ve ara\u015ft\u0131rmalar\u0131 sonucunda ilgili y\u00f6netimlere tavsiyelerde bulunmaktad\u0131r. 2024 y\u0131l\u0131nda 525 m\u00fcracaat hakk\u0131nda k\u0131smen tavsiye ve k\u0131smen ret karar\u0131, 913 m\u00fcracaat hakk\u0131nda ise tavsiye karar\u0131 verilmi\u015ftir.<\/p>\n<p>*S\u00f6z konusu tavsiye kararlar\u0131na y\u00f6nelik y\u00f6netimlerin yan\u0131tlar\u0131 de\u011ferlendirildi\u011finde 716 adet karar\u0131m\u0131zla ilgili y\u00f6netimden uyacaklar\u0131 belirtilmi\u015fken, 611 karar\u0131m\u0131za ise ilgili y\u00f6netime m\u00fcnasebet belirtilmi\u015ftir. Bu durumda kurumumuzun tavsiye kararlar\u0131na uyma ortalar\u0131 2024 y\u0131l\u0131 sonu itibariyle y\u00fczde 53,96 olarak ger\u00e7ekle\u015fmi\u015ftir.<\/p>\n<p><b>&#8220;KURUMUMUZ RESEN \u0130NCELEME YETK\u0130S\u0130YLE DONATILMALI\u201d<\/b><\/p>\n<p>Sunumunda KDK\u2019n\u0131n ileriye d\u00f6n\u00fck beklentilerine de de\u011finen Akarca, milletleraras\u0131 dok\u00fcmanlarda ilerleme raporlar\u0131nda Paris unsurlar\u0131n\u0131n dikkate al\u0131nmas\u0131 gerekti\u011fini hat\u0131rlatarak \u201cBu kapsamda d\u00fcnyadaki \u00f6rneklerinde oldu\u011fu \u00fczere heyetimizin da resen inceleme yetkisiyle donat\u0131lmas\u0131, davalara kat\u0131labilme imkan\u0131na sahip olmas\u0131 ve Anayasa Mahkemesi&#8217;ne ba\u015fvurulmas\u0131 yetkisine haciz k\u0131l\u0131nmas\u0131 en \u00f6nde gelen beklentilerimiz aras\u0131ndad\u0131r\u201d s\u00f6zlerini kulland\u0131.<\/p>\n","protected":false},"excerpt":{"rendered":"<p>T\u00fcrkiye&#8217;de en \u00e7ok \u015fikayet edilen bakanl\u0131k a\u00e7\u0131kland\u0131. Kamu Ba\u015fdenet\u00e7isi Mehmet Akarca, 2024 y\u0131l\u0131nda \u015fikayet m\u00fcracaatlar\u0131nda y\u00fczde 18,68&#8217;lik oranla Adalet Bakanl\u0131\u011f\u0131&#8217;n\u0131n birinci s\u0131rada yer ald\u0131\u011f\u0131n\u0131, en fazla m\u00fcracaat\u0131n ise y\u00fczde 22,93 ile adalet, ulusal savunma ve g\u00fcvenlik bahis ba\u015fl\u0131\u011f\u0131 alt\u0131nda yap\u0131ld\u0131\u011f\u0131n\u0131 duyurdu.<\/p>\n","protected":false},"author":1,"featured_media":34010,"comment_status":"open","ping_status":"open","sticky":false,"template":"","format":"standard","meta":{"footnotes":""},"categories":[25],"tags":[5533,316,1881,5532,2342],"class_list":["post-34009","post","type-post","status-publish","format-standard","has-post-thumbnail","hentry","category-gundem","tag-2024-yilinda","tag-basvuru","tag-idare","tag-kurumumuz","tag-sonu"],"_links":{"self":[{"href":"https:\/\/ikimisli.tr\/index.php\/wp-json\/wp\/v2\/posts\/34009","targetHints":{"allow":["GET"]}}],"collection":[{"href":"https:\/\/ikimisli.tr\/index.php\/wp-json\/wp\/v2\/posts"}],"about":[{"href":"https:\/\/ikimisli.tr\/index.php\/wp-json\/wp\/v2\/types\/post"}],"author":[{"embeddable":true,"href":"https:\/\/ikimisli.tr\/index.php\/wp-json\/wp\/v2\/users\/1"}],"replies":[{"embeddable":true,"href":"https:\/\/ikimisli.tr\/index.php\/wp-json\/wp\/v2\/comments?post=34009"}],"version-history":[{"count":1,"href":"https:\/\/ikimisli.tr\/index.php\/wp-json\/wp\/v2\/posts\/34009\/revisions"}],"predecessor-version":[{"id":34011,"href":"https:\/\/ikimisli.tr\/index.php\/wp-json\/wp\/v2\/posts\/34009\/revisions\/34011"}],"wp:featuredmedia":[{"embeddable":true,"href":"https:\/\/ikimisli.tr\/index.php\/wp-json\/wp\/v2\/media\/34010"}],"wp:attachment":[{"href":"https:\/\/ikimisli.tr\/index.php\/wp-json\/wp\/v2\/media?parent=34009"}],"wp:term":[{"taxonomy":"category","embeddable":true,"href":"https:\/\/ikimisli.tr\/index.php\/wp-json\/wp\/v2\/categories?post=34009"},{"taxonomy":"post_tag","embeddable":true,"href":"https:\/\/ikimisli.tr\/index.php\/wp-json\/wp\/v2\/tags?post=34009"}],"curies":[{"name":"wp","href":"https:\/\/api.w.org\/{rel}","templated":true}]}}