{"id":34017,"date":"2025-05-03T20:36:16","date_gmt":"2025-05-03T20:36:16","guid":{"rendered":"https:\/\/ikimisli.tr\/?p=34017"},"modified":"2025-05-03T20:36:16","modified_gmt":"2025-05-03T20:36:16","slug":"chpli-gokce-gokcen-bu-kararlarin-hicbirinde-hukukun-zerresini-gormek-mumkun-degil","status":"publish","type":"post","link":"https:\/\/ikimisli.tr\/index.php\/2025\/05\/03\/chpli-gokce-gokcen-bu-kararlarin-hicbirinde-hukukun-zerresini-gormek-mumkun-degil\/","title":{"rendered":"CHP&#8217;li G\u00f6k\u00e7e G\u00f6k\u00e7en: &#8220;Bu kararlar\u0131n hi\u00e7birinde hukukun zerresini g\u00f6rmek m\u00fcmk\u00fcn de\u011fil&#8221;"},"content":{"rendered":"<p>CHP Genel Lider Yard\u0131mc\u0131s\u0131 ve \u0130zmir Milletvekili G\u00f6k\u00e7e G\u00f6k\u00e7en, ya\u015fanan hukuksuzluklar hakk\u0131nda yaz\u0131l\u0131 a\u00e7\u0131klama yapt\u0131. G\u00f6k\u00e7en\u2019in a\u00e7\u0131klamas\u0131 \u015fu formda:<\/p>\n<p>&#8220;Bask\u0131 rejimi karnesine s\u0131rf bir g\u00fcn i\u00e7inde Cumhuriyet Halk Partili belediyelerde vazife yapan belediye lider yard\u0131mc\u0131lar\u0131 ve belediye meclis \u00fcyelerine operasyonu, Gen\u00e7lik Kollar\u0131m\u0131z\u0131n Genel Ba\u015fkan\u0131 Cem Ayd\u0131n\u2019a jet bir iddianameyi, Van B\u00fcy\u00fck\u015fehir Belediye Ba\u015fkan\u0131 Abdullah Zeydan\u2019a daha evvel Yarg\u0131tay\u2019\u0131n \u201csu\u00e7 \u00f6gesi yok\u201d dedi\u011fi davada 3 y\u0131l 9 ay mahpus cezas\u0131n\u0131 s\u0131\u011fd\u0131rd\u0131. Bu kararlar\u0131n hi\u00e7birinde hukukun zerresini g\u00f6rmek m\u00fcmk\u00fcn de\u011fil. Mahkemelerin ard\u0131na s\u0131\u011f\u0131nan \u015faibeli Cumhurba\u015fkan\u0131, siyasi rekabetten korkmas\u0131n\u0131n bedelini \u00fclkemizin demokratik sistemine \u00f6detmek istiyor.<\/p>\n<p><strong>&#8220;Ak\u0131n G\u00fcrlek birka\u00e7 saat ortadan kayboldu\u011funda yeni bir siyasi cellatl\u0131\u011f\u0131n daha senaryosunu kaleme al\u0131yor&#8221;<\/strong><\/p>\n<p>Cumhuriyet Halk Partili belediyeler ya\u015fanan ekonomik zorluklara kar\u015f\u0131 halk\u0131n yan\u0131nda olman\u0131n bedelini \u00f6d\u00fcyorlar. Belediyeler de\u011fil, demokratik tercihleriyle 31 Mart\u2019ta T\u00fcrkiye haritas\u0131n\u0131 k\u0131rm\u0131z\u0131ya boyayan halk cezaland\u0131r\u0131l\u0131yor.Cumhuriyet Halk Partisi Gen\u00e7lik Kollar\u0131 Genel Ba\u015fkan\u0131 Cem Ayd\u0131n hakk\u0131nda haftada \u00fc\u00e7 g\u00fcn imza karar\u0131 k\u00e2fi gelmemi\u015f olacak ki, jet surat\u0131nda bir iddianame haz\u0131rlan\u0131yor. Anl\u0131yoruz ki Ak\u0131n G\u00fcrlek birka\u00e7 saat ortadan kayboldu\u011funda yeni bir siyasi cellatl\u0131\u011f\u0131n daha senaryosunu kaleme al\u0131yor.<\/p>\n<p><strong>&#8220;Bir taraftan el uzat\u0131ld\u0131\u011f\u0131 s\u00f6ylenirken \u00f6teki taraftan K\u00fcrt siyaset\u00e7iler ve siyaset yapma haklar\u0131 ama\u00e7 al\u0131n\u0131yor&#8221;<\/strong><\/p>\n<p>Bir taraftan el uzat\u0131ld\u0131\u011f\u0131 s\u00f6ylenirken \u00f6b\u00fcr taraftan K\u00fcrt siyaset\u00e7iler ve siyaset yapma haklar\u0131 gaye al\u0131n\u0131yor.Bir tarafta mahkemeler arac\u0131l\u0131\u011f\u0131yla siyaseti dizayn etmeye \u00e7al\u0131\u015fanlar varsa, ba\u015fka tarafta demokrasiye sahip \u00e7\u0131kan milyonlar oldu\u011funu unutuyorlar.Esenyurt Belediye Liderimiz Ahmet \u00d6zer\u2019e hala bir iddianame bile haz\u0131rlayamayanlar, Ekrem \u0130mamo\u011flu k\u00fcrs\u00fcden bile inmeden soru\u015fturma a\u00e7maktan \u00e7ekinmiyor. Be\u015fikta\u015f Belediye Liderimiz \u0130stek Akpolat\u2019\u0131 \u00fc\u00e7 cezaevi gezdirirken i\u00e7i bo\u015f su\u00e7lamalarla Cumhuriyet Halk Partisi\u2019ni karalamaya \u00e7al\u0131\u015f\u0131yor.<\/p>\n<p><strong>&#8220;Cumhuriyet Halk Partisi olarak Mart ay\u0131nda kendi sand\u0131\u011f\u0131m\u0131z\u0131 kuraca\u011f\u0131z&#8221;<\/strong><\/p>\n<p>Her g\u00fcn yeni operasyonlarla bir panik ve tela\u015f halini g\u00f6sterenlere kar\u015f\u0131 Cumhuriyet Halk Partisi\u2019nin demokrasiyi in\u015fa etmekte acelesi var. Se\u00e7imi ve sand\u0131\u011f\u0131 vatanda\u015f\u0131n \u00f6n\u00fcne getirmekte acelesi var.Cumhuriyet Halk Partisi olarak Mart ay\u0131nda kendi sand\u0131\u011f\u0131m\u0131z\u0131 kuracak ve 1 milyon 600 bin \u00fcyemizle s\u0131rf bir sonraki Cumhurba\u015fkan\u0131m\u0131z\u0131 belirlemeyece\u011fiz. Bu sand\u0131k, iktidar\u0131 devralma s\u00fcrecimizin bir ba\u015flang\u0131c\u0131, partililerimizle siyasi ama\u00e7lar\u0131m\u0131zda bir ortaya gelmenin yeni bir seyahatidir.Kendi partililerine hi\u00e7bir tercihini sormayan, tek bir adam\u0131n iki duda\u011f\u0131na bakan siyasi partilere de bu demokrasi seyahatini tavsiye ederiz.&#8221;<\/p>\n","protected":false},"excerpt":{"rendered":"<p>CHP Genel Lider Yard\u0131mc\u0131s\u0131 G\u00f6k\u00e7e G\u00f6k\u00e7en, ya\u015fanan t\u00fcrel s\u00fcre\u00e7lerle ilgili a\u00e7\u0131klamada, \u201cCumhuriyet Halk Partisi Gen\u00e7lik Kollar\u0131 Genel Ba\u015fkan\u0131 Cem Ayd\u0131n hakk\u0131nda haftada \u00fc\u00e7 g\u00fcn imza karar\u0131 k\u00e2fi gelmemi\u015f olacak ki, jet surat\u0131nda bir iddianame haz\u0131rlan\u0131yor.&#8221; dedi<\/p>\n","protected":false},"author":1,"featured_media":34018,"comment_status":"open","ping_status":"open","sticky":false,"template":"","format":"standard","meta":{"footnotes":""},"categories":[25],"tags":[32,40,222,1584,5534],"class_list":["post-34017","post","type-post","status-publish","format-standard","has-post-thumbnail","hentry","category-gundem","tag-baskan","tag-belediye","tag-partisi","tag-siyaset","tag-tarafta"],"_links":{"self":[{"href":"https:\/\/ikimisli.tr\/index.php\/wp-json\/wp\/v2\/posts\/34017","targetHints":{"allow":["GET"]}}],"collection":[{"href":"https:\/\/ikimisli.tr\/index.php\/wp-json\/wp\/v2\/posts"}],"about":[{"href":"https:\/\/ikimisli.tr\/index.php\/wp-json\/wp\/v2\/types\/post"}],"author":[{"embeddable":true,"href":"https:\/\/ikimisli.tr\/index.php\/wp-json\/wp\/v2\/users\/1"}],"replies":[{"embeddable":true,"href":"https:\/\/ikimisli.tr\/index.php\/wp-json\/wp\/v2\/comments?post=34017"}],"version-history":[{"count":1,"href":"https:\/\/ikimisli.tr\/index.php\/wp-json\/wp\/v2\/posts\/34017\/revisions"}],"predecessor-version":[{"id":34019,"href":"https:\/\/ikimisli.tr\/index.php\/wp-json\/wp\/v2\/posts\/34017\/revisions\/34019"}],"wp:featuredmedia":[{"embeddable":true,"href":"https:\/\/ikimisli.tr\/index.php\/wp-json\/wp\/v2\/media\/34018"}],"wp:attachment":[{"href":"https:\/\/ikimisli.tr\/index.php\/wp-json\/wp\/v2\/media?parent=34017"}],"wp:term":[{"taxonomy":"category","embeddable":true,"href":"https:\/\/ikimisli.tr\/index.php\/wp-json\/wp\/v2\/categories?post=34017"},{"taxonomy":"post_tag","embeddable":true,"href":"https:\/\/ikimisli.tr\/index.php\/wp-json\/wp\/v2\/tags?post=34017"}],"curies":[{"name":"wp","href":"https:\/\/api.w.org\/{rel}","templated":true}]}}