{"id":34106,"date":"2025-05-04T01:36:13","date_gmt":"2025-05-04T01:36:13","guid":{"rendered":"https:\/\/ikimisli.tr\/?p=34106"},"modified":"2025-05-04T01:36:13","modified_gmt":"2025-05-04T01:36:13","slug":"trumopin-gazze-planina-urdun-sessiz-kaldi","status":"publish","type":"post","link":"https:\/\/ikimisli.tr\/index.php\/2025\/05\/04\/trumopin-gazze-planina-urdun-sessiz-kaldi\/","title":{"rendered":"Trumop&#8217;\u0131n Gazze plan\u0131na \u00dcrd\u00fcn sessiz kald\u0131"},"content":{"rendered":"<p>\u00dcrd\u00fcn H\u00fck\u00fcmdar\u0131 Abdullah II, ABD Ba\u015fkan\u0131 Trump ile Beyaz Saray&#8217;da bir ortaya geldi. \u0130ki ba\u015fkan, g\u00f6r\u00fc\u015fme \u00f6ncesinde gazetecilerin sorular\u0131n\u0131 yan\u0131tlad\u0131.<\/p>\n<p><b>&#8220;SATIN ALMAYACA\u011eIZ, \u0130\u015eLETECE\u011e\u0130Z&#8221;<\/b><\/p>\n<p>ABD Ba\u015fkan\u0131 Trump, \u201cFilistinliler, Gazze d\u0131\u015f\u0131nda \u00f6teki bir yerde inan\u00e7 i\u00e7inde ya\u015fayacaklar\u201d telaffuzunu yinelerken, Gazze\u2019yi sat\u0131n al\u0131p almayacaklar\u0131na ait soruya, \u201cGazze&#8217;yi \u00e7ok d\u00fczg\u00fcn bir formda i\u015fletece\u011fiz, onu sat\u0131n almayaca\u011f\u0131z\u201d cevab\u0131n\u0131 verdi.<\/p>\n<p><b>&#8220;BU \u0130\u015e OLACAK&#8221;<\/b><\/p>\n<p>Trump ayr\u0131yeten, ge\u00e7en haftadan bu yana tekraren Gazze&#8217;deki 2 milyon 300 bin Filistinliyi zorla yerlerinden etmeyi ve sava\u015f\u0131n harap etti\u011fi b\u00f6lgeyi yine kalk\u0131nd\u0131rmay\u0131 planlad\u0131\u011f\u0131n\u0131 ve \u201c\u00dcrd\u00fcn ve M\u0131s\u0131r&#8217;da Filistinlilerin ya\u015fayaca\u011f\u0131 b\u00f6lgelerin olaca\u011f\u0131n\u0131 d\u00fc\u015f\u00fcnd\u00fc\u011f\u00fcn\u00fc\u201d lisana getirdi. Trump, \u0130srail&#8217;in i\u015fgal alt\u0131ndaki Bat\u0131 \u015eeria&#8217;y\u0131 ilhak etme planlar\u0131yla ilgili soruya \u201cBu i\u015f olacak\u201d kar\u015f\u0131l\u0131\u011f\u0131n\u0131 verdi.<\/p>\n<p><b>\u201c\u00dcRD\u00dcN, HASTA OLAN 2 B\u0130N F\u0130L\u0130ST\u0130NL\u0130 \u00c7OCU\u011eU KABUL EDECEK\u201d<\/b><\/p>\n<p>ABD Ba\u015fkan\u0131 Trump\u2019tan sonra \u00dcrd\u00fcn H\u00fck\u00fcmdar\u0131 Abdullah, gazetecilerin sorular\u0131n\u0131 yan\u0131tlad\u0131. Filistinlilerin kabul edilmesiyle ilgili bir soruya Kral Abdullah, \u201cHerkesin faydas\u0131na olacak bu i\u015fin nas\u0131l yapabilece\u011finin d\u00fc\u015f\u00fcn\u00fclmesi gerekti\u011fini&#8221; s\u00f6yledi. \u00dcrd\u00fcn\u2019de Filistinlilerin ya\u015fayabilece\u011fi bir toprak mod\u00fcl\u00fc olup olmad\u0131\u011f\u0131 sorusuna Kral Abdullah, \u201c\u00dclkesi i\u00e7in en uygun olan\u0131 yapmak zorunda oldu\u011fu\u201d yan\u0131t\u0131n\u0131 verdi. <\/p>\n<p>\u00dcrd\u00fcn H\u00fck\u00fcmdar\u0131 2. Abdullah, Gazze&#8217;de ve Orta Do\u011fu&#8217;da bar\u0131\u015fa ula\u015f\u0131labilmesi i\u00e7in ABD Ba\u015fkan\u0131 Donald Trump&#8217;\u0131 destekleyece\u011fini s\u00f6yledi ve Trump&#8217;\u0131, Orta Do\u011fu&#8217;yu istikrara kavu\u015fturabilecek biri olarak g\u00f6rd\u00fc\u011f\u00fcn\u00fc s\u00f6z etti.<\/p>\n<p>\u201c\u00dcrd\u00fcn\u2019\u00fcn hasta olan 2 bin Filistinli \u00e7ocu\u011fu kabul edece\u011fini\u201d s\u00f6yleyen Abdullah, \u201cAraplar\u0131n, Trump&#8217;\u0131n Gazze plan\u0131na bir kar\u015f\u0131l\u0131kla ABD&#8217;ye gelece\u011fini s\u00f6yledi ve \u201cM\u0131s\u0131r&#8217;\u0131n plan\u0131n\u0131 g\u00f6rmek i\u00e7in beklemeliyiz. ABD\u2019nin Gazze plan\u0131na \u2018\u00e7ok say\u0131da \u00fclkeden kar\u015f\u0131l\u0131k gelecektir\u201d dedi.<\/p>\n","protected":false},"excerpt":{"rendered":"<p>ABD Ba\u015fkan\u0131 Donald Trump, \u201cFilistinliler, Gazze d\u0131\u015f\u0131nda \u00f6teki bir yerde inan\u00e7 i\u00e7inde ya\u015fayacaklar. Gazze\u2019yi i\u015fletece\u011fiz; sat\u0131n almayaca\u011f\u0131z\u201d diye konu\u015ftu. Trump\u2019\u0131n Gazze plan\u0131na ise \u00dcrd\u00fcn H\u00fck\u00fcmdar\u0131 Abdullah, temkinli yana\u015ft\u0131.<\/p>\n","protected":false},"author":1,"featured_media":34107,"comment_status":"open","ping_status":"open","sticky":false,"template":"","format":"standard","meta":{"footnotes":""},"categories":[43],"tags":[3251,83,131,898,1133],"class_list":["post-34106","post","type-post","status-publish","format-standard","has-post-thumbnail","hentry","category-dunya","tag-filistinli","tag-gazze","tag-trump","tag-urdun","tag-yanit"],"_links":{"self":[{"href":"https:\/\/ikimisli.tr\/index.php\/wp-json\/wp\/v2\/posts\/34106","targetHints":{"allow":["GET"]}}],"collection":[{"href":"https:\/\/ikimisli.tr\/index.php\/wp-json\/wp\/v2\/posts"}],"about":[{"href":"https:\/\/ikimisli.tr\/index.php\/wp-json\/wp\/v2\/types\/post"}],"author":[{"embeddable":true,"href":"https:\/\/ikimisli.tr\/index.php\/wp-json\/wp\/v2\/users\/1"}],"replies":[{"embeddable":true,"href":"https:\/\/ikimisli.tr\/index.php\/wp-json\/wp\/v2\/comments?post=34106"}],"version-history":[{"count":1,"href":"https:\/\/ikimisli.tr\/index.php\/wp-json\/wp\/v2\/posts\/34106\/revisions"}],"predecessor-version":[{"id":34108,"href":"https:\/\/ikimisli.tr\/index.php\/wp-json\/wp\/v2\/posts\/34106\/revisions\/34108"}],"wp:featuredmedia":[{"embeddable":true,"href":"https:\/\/ikimisli.tr\/index.php\/wp-json\/wp\/v2\/media\/34107"}],"wp:attachment":[{"href":"https:\/\/ikimisli.tr\/index.php\/wp-json\/wp\/v2\/media?parent=34106"}],"wp:term":[{"taxonomy":"category","embeddable":true,"href":"https:\/\/ikimisli.tr\/index.php\/wp-json\/wp\/v2\/categories?post=34106"},{"taxonomy":"post_tag","embeddable":true,"href":"https:\/\/ikimisli.tr\/index.php\/wp-json\/wp\/v2\/tags?post=34106"}],"curies":[{"name":"wp","href":"https:\/\/api.w.org\/{rel}","templated":true}]}}