{"id":34127,"date":"2025-05-04T02:48:13","date_gmt":"2025-05-04T02:48:13","guid":{"rendered":"https:\/\/ikimisli.tr\/?p=34127"},"modified":"2025-05-04T02:48:13","modified_gmt":"2025-05-04T02:48:13","slug":"evrenin-derinliklerinde-gizemli-kozmik-patlama","status":"publish","type":"post","link":"https:\/\/ikimisli.tr\/index.php\/2025\/05\/04\/evrenin-derinliklerinde-gizemli-kozmik-patlama\/","title":{"rendered":"Evrenin derinliklerinde gizemli kozmik patlama"},"content":{"rendered":"<p>Ara\u015ft\u0131rmalara nazaran en muhtemel a\u00e7\u0131klama, orta k\u00fctleli bir kara deli\u011fin bir beyaz c\u00fcceyi par\u00e7alayarak yok etmesi olabilir. Bu olay sonucunda y\u00fcksek s\u00fcratli bir husus jetinin olu\u015ftu\u011fu ve bu jetin talih yap\u0131t\u0131 D\u00fcnya\u2019ya yanl\u0131\u015fs\u0131z y\u00f6nlendi\u011fi d\u00fc\u015f\u00fcn\u00fcl\u00fcyor.<\/p>\n<p>Carnegie Mellon \u00dcniversitesi\u2019nden Brendan O&#8217;Connor, \u201cEP240408a, farkl\u0131 astronomik olaylar\u0131n birtak\u0131m \u00f6zelliklerini ta\u015f\u0131yor fakat hi\u00e7birine tam olarak uymuyor\u201d diyerek olay\u0131n ola\u011fan d\u0131\u015f\u0131 tabiat\u0131n\u0131 vurguluyor. Bilim be\u015ferlerine nazaran, bu ya \u00e7ok az g\u00f6r\u00fclen bir olay ya da b\u00fcsb\u00fct\u00fcn yeni bir kozmik fenomen olabilir.<\/p>\n<p>Patlama, birinci 10 saniye boyunca yumu\u015fak X-\u0131\u015f\u0131nlar\u0131nda parlama yapt\u0131, akabinde d\u00f6rt g\u00fcn boyunca sabit bir \u0131\u015f\u0131k yayarak s\u00fcratli bir bi\u00e7imde s\u00f6n\u00fcmlendi. Bu durum, onu gama \u0131\u015f\u0131n\u0131 patlamalar\u0131ndan daha uzun lakin \u00f6teki bilinen kozmik olaylardan daha k\u0131sa bir hale getiriyor.<\/p>\n<p>En farkl\u0131 noktalardan biri, g\u00fc\u00e7l\u00fc bir X-\u0131\u015f\u0131n\u0131 emisyonu \u00fcretmesine kar\u015f\u0131n hi\u00e7bir radyo sinyali yaymamas\u0131 oldu. \u00c7oklukla, bu t\u0131p parlak X-\u0131\u015f\u0131n\u0131 olaylar\u0131n\u0131n besbelli radyo emisyonlar\u0131 olmas\u0131 beklenirken, EP240408a hi\u00e7bir radyo dalgas\u0131 \u00fcretmedi. O\u2019Connor, \u201cBu kadar parlak bir olayda g\u00fc\u00e7l\u00fc radyo dalgalar\u0131 beklerdik ancak burada hi\u00e7bir \u015fey yok. Bu nitekim tuhaf\u201d diyerek olay\u0131n gizemini vurguluyor.<\/p>\n<p>Bilim insanlar\u0131, bu ola\u011fand\u0131\u015f\u0131 patlaman\u0131n bir \u201cgelgit bozulma olay\u0131\u201d (TDE) olabilece\u011fini d\u00fc\u015f\u00fcn\u00fcyor. TDE\u2019ler, kara deliklerin y\u0131ld\u0131zlar\u0131 yutarken olu\u015fturdu\u011fu g\u00fc\u00e7l\u00fc \u0131\u015f\u0131k parlamalar\u0131d\u0131r. Lakin, TDE\u2019lerde ekseriyetle g\u00fc\u00e7l\u00fc radyo emisyonlar\u0131 g\u00f6r\u00fcl\u00fcrken EP240408a\u2019da bu izler \u015fimdi bulunamad\u0131.<\/p>\n<p><img decoding=\"async\" src=\"https:\/\/ikimisli.tr\/wp-content\/uploads\/2025\/05\/evrenin-derinliklerinde-gizemli-kozmik-patlama-0-mxGN7YpV.jpg\"\/><\/p>\n<p>Uzmanlara nazaran, radyo dalgalar\u0131n\u0131n yay\u0131lmas\u0131 y\u00fczlerce yahut binlerce g\u00fcn s\u00fcrebilir. \u015eayet ilerleyen m\u00fc\u015fahedeler radyo emisyonlar\u0131 tespit ederse, olay\u0131n kesin olarak bir TDE oldu\u011fu anla\u015f\u0131lacak. Lakin radyo dalgalar\u0131 hi\u00e7 ortaya \u00e7\u0131kmazsa, bu b\u00fcsb\u00fct\u00fcn yeni bir cins gama \u0131\u015f\u0131n\u0131 patlamas\u0131 yahut ke\u015ffedilmemi\u015f bir kozmik fenomen olabilir.<\/p>\n<p>Bu gizemli patlama, Einstein Probe taraf\u0131ndan ke\u015ffedildikten sonra bir\u00e7ok farkl\u0131 teleskopla incelendi. NuSTAR, Swift, Gemini, Keck, Dark Energy Camera (DECam), Very Large Array (VLA), Australia Telescope Compact Array (ATCA) ve NICER \u00fczere teleskoplar olay\u0131n farkl\u0131 dalga uzunluklar\u0131n\u0131 tahlil etti.<\/p>\n<p>Ancak, t\u00fcm bu m\u00fc\u015fahedeler EP240408a\u2019n\u0131n ne oldu\u011fu konusunda net bir sonu\u00e7 sunamad\u0131. \u015eu an en g\u00fc\u00e7l\u00fc ihtimal beyaz bir c\u00fccenin kara delik taraf\u0131ndan par\u00e7alanmas\u0131 olsa da bilim insanlar\u0131 bu gizemi \u00e7\u00f6zmek i\u00e7in daha fazla data toplamay\u0131 bekliyor.<\/p>\n","protected":false},"excerpt":{"rendered":"<p>Cihan\u0131n derinliklerinden gelen EP240408a isimli gizemli bir patlama, astronomlar\u0131 \u015fa\u015fk\u0131na \u00e7evirdi. Birinci olarak 8 Nisan 2024&#8217;te Einstein Probe X-\u0131\u015f\u0131n\u0131 teleskopu taraf\u0131ndan tespit edilen bu olay, s\u0131radan bir gama \u0131\u015f\u0131n\u0131 patlamas\u0131 \u00fczere g\u00f6r\u00fcn\u00fcyordu. Lakin, farkl\u0131 dalga uzunluklar\u0131nda yap\u0131lan m\u00fc\u015fahedeler, bunun hi\u00e7bir bilinen kozmik fenomene tam olarak uymad\u0131\u011f\u0131n\u0131 ortaya koydu.<\/p>\n","protected":false},"author":1,"featured_media":34128,"comment_status":"open","ping_status":"open","sticky":false,"template":"","format":"standard","meta":{"footnotes":""},"categories":[31],"tags":[3536,195,1042,171,5271],"class_list":["post-34127","post","type-post","status-publish","format-standard","has-post-thumbnail","hentry","category-teknoloji","tag-dalga","tag-guclu","tag-hic","tag-olay","tag-radyo"],"_links":{"self":[{"href":"https:\/\/ikimisli.tr\/index.php\/wp-json\/wp\/v2\/posts\/34127","targetHints":{"allow":["GET"]}}],"collection":[{"href":"https:\/\/ikimisli.tr\/index.php\/wp-json\/wp\/v2\/posts"}],"about":[{"href":"https:\/\/ikimisli.tr\/index.php\/wp-json\/wp\/v2\/types\/post"}],"author":[{"embeddable":true,"href":"https:\/\/ikimisli.tr\/index.php\/wp-json\/wp\/v2\/users\/1"}],"replies":[{"embeddable":true,"href":"https:\/\/ikimisli.tr\/index.php\/wp-json\/wp\/v2\/comments?post=34127"}],"version-history":[{"count":1,"href":"https:\/\/ikimisli.tr\/index.php\/wp-json\/wp\/v2\/posts\/34127\/revisions"}],"predecessor-version":[{"id":34130,"href":"https:\/\/ikimisli.tr\/index.php\/wp-json\/wp\/v2\/posts\/34127\/revisions\/34130"}],"wp:featuredmedia":[{"embeddable":true,"href":"https:\/\/ikimisli.tr\/index.php\/wp-json\/wp\/v2\/media\/34128"}],"wp:attachment":[{"href":"https:\/\/ikimisli.tr\/index.php\/wp-json\/wp\/v2\/media?parent=34127"}],"wp:term":[{"taxonomy":"category","embeddable":true,"href":"https:\/\/ikimisli.tr\/index.php\/wp-json\/wp\/v2\/categories?post=34127"},{"taxonomy":"post_tag","embeddable":true,"href":"https:\/\/ikimisli.tr\/index.php\/wp-json\/wp\/v2\/tags?post=34127"}],"curies":[{"name":"wp","href":"https:\/\/api.w.org\/{rel}","templated":true}]}}