{"id":34174,"date":"2025-05-04T05:36:19","date_gmt":"2025-05-04T05:36:19","guid":{"rendered":"https:\/\/ikimisli.tr\/?p=34174"},"modified":"2025-05-04T05:36:19","modified_gmt":"2025-05-04T05:36:19","slug":"hakim-eski-vekilin-trafik-cezasini-sildi","status":"publish","type":"post","link":"https:\/\/ikimisli.tr\/index.php\/2025\/05\/04\/hakim-eski-vekilin-trafik-cezasini-sildi\/","title":{"rendered":"Hakim eski vekilin trafik cezas\u0131n\u0131 sildi"},"content":{"rendered":"<p>Mevcut milletvekillerinin yan\u0131 s\u0131ra eski vekillerin trafik cezalar\u0131n\u0131n da silinip silinmeyece\u011fine ait tart\u0131\u015fmalar s\u00fcrerken mahkemeden bu tart\u0131\u015fmalar\u0131 sona erdiren emsal bir karar geldi. <br \/>CHP Mersin eski milletvekili Ali \u0130stek \u00d6zt\u00fcrk, TBMM\u2019deki misyon m\u00fcddeti dolduktan sonra 2023\u2019te Afyonkarahisar ve Ankara\u2019da ba\u015fka ayr\u0131 trafik cezas\u0131 ald\u0131. T\u0131pk\u0131 vakitte hukuk\u00e7u olan \u00d6zt\u00fcrk, dava a\u00e7t\u0131.<\/p>\n<p><img decoding=\"async\" src=\"https:\/\/ikimisli.tr\/wp-content\/uploads\/2025\/05\/hakim-eski-vekilin-trafik-cezasini-sildi-0-QxK5pE5n.jpg\"\/><\/p>\n<div>\n<p><em>Ali \u0130stek \u00d6zt\u00fcrk<\/em><\/p>\n<\/p><\/div>\n<p>Afyonkarahisar\u2019da kesilen 1.979 liral\u0131k cezay\u0131 g\u00f6r\u00fc\u015fen Sand\u0131kl\u0131 Sulh Ceza Hakimli\u011fi, trafik kural\u0131n\u0131 ihlal eden TBMM \u00fcyelerine, hakim ve savc\u0131lar ile diplomatik muafiyeti olan bireylere mevzuat gere\u011fi kabahat yahut ceza tutana\u011f\u0131 d\u00fczenlenemeyece\u011fini, tespit tutana\u011f\u0131 yaz\u0131l\u0131p ilgili kuruma g\u00f6nderilmesi gerekti\u011fini belirledi. Mahkeme, eski vekile kesilen cezan\u0131n hukuka muhalif oldu\u011funu belirterek cezan\u0131n kald\u0131r\u0131lmas\u0131na karar verdi. Ankara 5.Sulh Ceza Hakimli\u011fi de eski vekile trafik cezas\u0131 kesilemeyece\u011fine karar verdi.<\/p>\n<p><strong>HERKES \u0130\u00c7\u0130N KALDIRILSIN <\/strong><\/p>\n<p>Davalar\u0131 S\u00d6ZC\u00dc\u2019ye k\u0131ymetlendiren \u00d6zt\u00fcrk, \u201cBu \u00fclkede 300 bin polis, 25 bin hakim, savc\u0131 ile Saray\u2019da \u00e7al\u0131\u015fan y\u00fczlerce ki\u015fi trafik cezas\u0131 \u00f6demiyor. Gayem ayr\u0131cal\u0131k almak de\u011fil. Kararlara kar\u015f\u0131n o cezalar\u0131 devletten geri almad\u0131m. Hedefim adaleti sa\u011flamak, eski vekillerin de yasal olarak bu hakka sahip oldu\u011funu kan\u0131tlamakt\u0131. Kan\u0131tlad\u0131m. Ayr\u0131cal\u0131klar\u0131 bitireceksek ayr\u0131m yapmadan herkes i\u00e7in sonland\u0131ral\u0131m\u201d dedi.<\/p>\n","protected":false},"excerpt":{"rendered":"<p>Mersin eski Milletvekili Ali \u0130stek \u00d6zt\u00fcrk trafik cezas\u0131n\u0131n iptali i\u00e7in dava a\u00e7t\u0131. Mahkeme \u00d6zt\u00fcrk\u2019\u00fc eski vekilli\u011finden \u00f6t\u00fcr\u00fc hakl\u0131 bulup cezay\u0131 iptal etti.<\/p>\n","protected":false},"author":1,"featured_media":34175,"comment_status":"open","ping_status":"open","sticky":false,"template":"","format":"standard","meta":{"footnotes":""},"categories":[25],"tags":[1205,53,1054,928],"class_list":["post-34174","post","type-post","status-publish","format-standard","has-post-thumbnail","hentry","category-gundem","tag-ayri","tag-ceza","tag-eski","tag-trafik"],"_links":{"self":[{"href":"https:\/\/ikimisli.tr\/index.php\/wp-json\/wp\/v2\/posts\/34174","targetHints":{"allow":["GET"]}}],"collection":[{"href":"https:\/\/ikimisli.tr\/index.php\/wp-json\/wp\/v2\/posts"}],"about":[{"href":"https:\/\/ikimisli.tr\/index.php\/wp-json\/wp\/v2\/types\/post"}],"author":[{"embeddable":true,"href":"https:\/\/ikimisli.tr\/index.php\/wp-json\/wp\/v2\/users\/1"}],"replies":[{"embeddable":true,"href":"https:\/\/ikimisli.tr\/index.php\/wp-json\/wp\/v2\/comments?post=34174"}],"version-history":[{"count":1,"href":"https:\/\/ikimisli.tr\/index.php\/wp-json\/wp\/v2\/posts\/34174\/revisions"}],"predecessor-version":[{"id":34177,"href":"https:\/\/ikimisli.tr\/index.php\/wp-json\/wp\/v2\/posts\/34174\/revisions\/34177"}],"wp:featuredmedia":[{"embeddable":true,"href":"https:\/\/ikimisli.tr\/index.php\/wp-json\/wp\/v2\/media\/34175"}],"wp:attachment":[{"href":"https:\/\/ikimisli.tr\/index.php\/wp-json\/wp\/v2\/media?parent=34174"}],"wp:term":[{"taxonomy":"category","embeddable":true,"href":"https:\/\/ikimisli.tr\/index.php\/wp-json\/wp\/v2\/categories?post=34174"},{"taxonomy":"post_tag","embeddable":true,"href":"https:\/\/ikimisli.tr\/index.php\/wp-json\/wp\/v2\/tags?post=34174"}],"curies":[{"name":"wp","href":"https:\/\/api.w.org\/{rel}","templated":true}]}}