{"id":3429,"date":"2025-01-12T22:24:43","date_gmt":"2025-01-12T22:24:43","guid":{"rendered":"https:\/\/ikimisli.tr\/?p=3429"},"modified":"2025-01-12T22:24:43","modified_gmt":"2025-01-12T22:24:43","slug":"dem-chp-gorusmesinde-dikkat-ceken-detay-trt-haber-yapmadi","status":"publish","type":"post","link":"https:\/\/ikimisli.tr\/index.php\/2025\/01\/12\/dem-chp-gorusmesinde-dikkat-ceken-detay-trt-haber-yapmadi\/","title":{"rendered":"DEM-CHP g\u00f6r\u00fc\u015fmesinde dikkat \u00e7eken detay: TRT &#8216;haber&#8217; yapmad\u0131"},"content":{"rendered":"<p>MHP Genel Ba\u015fkan\u0131 Devlet Bah\u00e7eli&#8217;nin \u00e7a\u011fr\u0131s\u0131n\u0131n akabinde ter\u00f6ristba\u015f\u0131 Abdullah \u00d6calan&#8217;la g\u00f6r\u00fc\u015fen DEM Parti milletvekili Pervin Buldan, S\u0131rr\u0131 S\u00fcreyya Lider ile yerine kayyum atanan Ahmet T\u00fcrk&#8217;\u00fcn siyasi parti ziyaretlerinde bug\u00fcnk\u00fc duraklar\u0131 CHP oldu.<\/p>\n<p>Ancak, CHP ve DEVA Partisi ortas\u0131ndaki 1 saat 35 dakikal\u0131k g\u00f6r\u00fc\u015fmenin akabinde, bu toplant\u0131 bir\u00e7ok medya kurulu\u015funda yer al\u0131rken TRT&#8217;nin bunu haberle\u015ftirmemesi dikkat \u00e7eken bir ayr\u0131nt\u0131 oldu.<\/p>\n<p>TRT ekranlar\u0131nda bu de\u011ferli siyasi geli\u015fmenin yerine &#8220;Alt\u0131n yat\u0131r\u0131mc\u0131s\u0131 ne yapmal\u0131?&#8221; ba\u015fl\u0131kl\u0131 bir haber yay\u0131nland\u0131\u011f\u0131 g\u00f6r\u00fcld\u00fc.<\/p>\n<p><img decoding=\"async\" src=\"https:\/\/ikimisli.tr\/wp-content\/uploads\/2025\/01\/dem-chp-gorusmesinde-dikkat-ceken-detay-trt-haber-yapmadi-0-fhxWRdrS.png\"\/><\/p>\n<p>Muhalefetin hi\u00e7bir aktifli\u011finin TRT\u2019de g\u00f6r\u00fcnmedi\u011fini s\u00f6yleyen Portakal, kelamlar\u0131n\u0131 \u015f\u00f6yle s\u00fcrd\u00fcrd\u00fc:<\/p>\n<p>&#8220;*Nas\u0131l bir devlet televizyonusunuz siz? Nas\u0131l bir vicdan bu? Bu kadar k\u0131ymetli bir tahlil s\u00fcrecinden ya da projeden bahsediliyor.<\/p>\n<p>*\u0130nsanlar\u0131n siyasi hesaplardan uzak bir bi\u00e7imde ad\u0131m atmas\u0131 gerekiyor. Samimiyet, yalans\u0131zl\u0131k ve \u015feffafl\u0131k \u00e7ok k\u0131ymetli.<\/p>\n<p><img decoding=\"async\" src=\"https:\/\/ikimisli.tr\/wp-content\/uploads\/2025\/01\/dem-chp-gorusmesinde-dikkat-ceken-detay-trt-haber-yapmadi-1-2pWRlQdw.png\"\/><\/p>\n<p>*Ancak TRT, b\u00f6ylesine k\u0131ymetli bir geli\u015fme yerine, alt\u0131n yat\u0131r\u0131m\u0131na ait bir haber yay\u0131nl\u0131yor.<\/p>\n<p>*TRT\u2019yi hat\u0131rlatmak gerekiyor: Bu kurum, seksen be\u015f milyon vergi m\u00fckellefinin \u00f6dedi\u011fi paralarla ayakta duruyor.&#8221;<\/p>\n","protected":false},"excerpt":{"rendered":"<p>DEM Parti&#8217;nin \u0130mral\u0131 heyetinin CHP&#8217;ye ziyaretinin kamu kanal\u0131 TRT Haber&#8217;de yay\u0131nlanmad\u0131\u011f\u0131 ortaya \u00e7\u0131kt\u0131. TRT&#8217;nin bunun yerine &#8220;Alt\u0131n yat\u0131r\u0131mc\u0131s\u0131 ne yapmal\u0131?&#8221; ba\u015fl\u0131kl\u0131 bir haber yay\u0131nland\u0131\u011f\u0131 g\u00f6r\u00fcld\u00fc.<\/p>\n","protected":false},"author":1,"featured_media":3430,"comment_status":"open","ping_status":"open","sticky":false,"template":"","format":"standard","meta":{"footnotes":""},"categories":[25],"tags":[924],"class_list":["post-3429","post","type-post","status-publish","format-standard","has-post-thumbnail","hentry","category-gundem","tag-trt"],"_links":{"self":[{"href":"https:\/\/ikimisli.tr\/index.php\/wp-json\/wp\/v2\/posts\/3429","targetHints":{"allow":["GET"]}}],"collection":[{"href":"https:\/\/ikimisli.tr\/index.php\/wp-json\/wp\/v2\/posts"}],"about":[{"href":"https:\/\/ikimisli.tr\/index.php\/wp-json\/wp\/v2\/types\/post"}],"author":[{"embeddable":true,"href":"https:\/\/ikimisli.tr\/index.php\/wp-json\/wp\/v2\/users\/1"}],"replies":[{"embeddable":true,"href":"https:\/\/ikimisli.tr\/index.php\/wp-json\/wp\/v2\/comments?post=3429"}],"version-history":[{"count":1,"href":"https:\/\/ikimisli.tr\/index.php\/wp-json\/wp\/v2\/posts\/3429\/revisions"}],"predecessor-version":[{"id":3433,"href":"https:\/\/ikimisli.tr\/index.php\/wp-json\/wp\/v2\/posts\/3429\/revisions\/3433"}],"wp:featuredmedia":[{"embeddable":true,"href":"https:\/\/ikimisli.tr\/index.php\/wp-json\/wp\/v2\/media\/3430"}],"wp:attachment":[{"href":"https:\/\/ikimisli.tr\/index.php\/wp-json\/wp\/v2\/media?parent=3429"}],"wp:term":[{"taxonomy":"category","embeddable":true,"href":"https:\/\/ikimisli.tr\/index.php\/wp-json\/wp\/v2\/categories?post=3429"},{"taxonomy":"post_tag","embeddable":true,"href":"https:\/\/ikimisli.tr\/index.php\/wp-json\/wp\/v2\/tags?post=3429"}],"curies":[{"name":"wp","href":"https:\/\/api.w.org\/{rel}","templated":true}]}}