{"id":34312,"date":"2025-05-04T13:24:20","date_gmt":"2025-05-04T13:24:20","guid":{"rendered":"https:\/\/ikimisli.tr\/?p=34312"},"modified":"2025-05-04T13:24:20","modified_gmt":"2025-05-04T13:24:20","slug":"imamlarin-ek-ders-ucretlerini-zimmetine-geciren-imama-12-yil-hapis-istemi","status":"publish","type":"post","link":"https:\/\/ikimisli.tr\/index.php\/2025\/05\/04\/imamlarin-ek-ders-ucretlerini-zimmetine-geciren-imama-12-yil-hapis-istemi\/","title":{"rendered":"\u0130mamlar\u0131n ek ders \u00fccretlerini zimmetine ge\u00e7iren imama 12 y\u0131l hapis istemi"},"content":{"rendered":"<p>Kulp \u0130l\u00e7esinin Karabulak Mahallesindeki K\u00f6pr\u00fcba\u015f\u0131 Mescidinde imaml\u0131k yaparken M\u00fcft\u00fcl\u00fck\u00e7e mutemet olarak g\u00f6revlendirilen Kadir Z.\u2019nin Diyanet \u0130\u015fleri Ba\u015fkanl\u0131\u011f\u0131nca imamlara \u00f6denmek \u00fczere g\u00f6nderilen ek ders fiyatlar\u0131n\u0131 zimmetine ge\u00e7irdi\u011fi tespit edildi.<\/p>\n<p>Diyanet Hukuk M\u00fc\u015favirli\u011fince hakk\u0131nda c\u00fcr\u00fcm duyurusunda bulunuldu. Diyarbak\u0131r Cumhuriyet Savc\u0131s\u0131 Hikmet B\u00fcy\u00fck soru\u015fturma ba\u015flatt\u0131.<\/p>\n<p>\u0130fadesi al\u0131nan san\u0131k imam, \u201cResmi evraklar\u0131 d\u00fczenledikten sonra bankaya g\u00f6nderdi\u011fim Text belgesinde de\u011fi\u015fiklik yap\u0131yordum. Kendi ad\u0131m\u0131 yazarak hesab\u0131ma para aktar\u0131yordum. Paralar\u0131 bildirimde bulunmayan g\u00f6revlilerin ismine ben bildirimde bulunarak tahsil ediyordum. Gelen fiyatlar\u0131 hak sahiplerine de\u011fil kendi hesab\u0131ma aktard\u0131m. \u00d6deme evraklar\u0131n\u0131 ben haz\u0131rl\u0131yordum. Kurumsal mail \u00fczerinden bankalara g\u00f6nderiyordum. Mail kar\u015f\u0131 tarafa ula\u015ft\u0131ktan sonra siliyordum. Silme sebebim yapt\u0131\u011f\u0131m i\u015fin di\u011ferleri taraf\u0131ndan bilinmesini engellemek i\u00e7indi\u201d dedi.<\/p>\n<p>M\u00fcft\u00fcl\u00fckte Data Haz\u0131rlama ve Denetim \u0130\u015fletmeni olarak vazife yapan Muhammet Faruk T. ise, \u201cBen M\u00fcft\u00fcl\u00fc\u011fe ba\u011fl\u0131 mescitlerde \u00fc\u00e7 y\u0131l \u0130maml\u0131k yapt\u0131m. Kadir de 7 y\u0131ld\u0131r mali i\u015flerle u\u011fra\u015f\u0131yordu. Memur olmayan bireylerin \u00fczerinden resmi s\u00fcre\u00e7ler ger\u00e7ekle\u015ftiriyordu. Mali \u0130\u015fler M\u00fcd\u00fcr\u00fc, \u00f6deme dosyalar\u0131n\u0131n bankaya g\u00f6nderilip g\u00f6nderilmedi\u011fini sorunca, belgeyi Kadir\u2019in sildi\u011fini fark ettim. M\u00fcd\u00fcr, belgeleri silmemesi i\u00e7in Kadir\u2019i uyard\u0131. Kadir yeniden evrak silmeye \u00e7al\u0131\u015f\u0131nca durumdan \u015f\u00fcphelendim. Ek ders fiyat\u0131 i\u00e7eren listeyi buldum. Bu listede Kadir\u2019in isminin oldu\u011funu g\u00f6rd\u00fcm. \u0130mzam\u0131n oldu\u011fu ek ders bordrosunu kar\u015f\u0131la\u015ft\u0131rd\u0131\u011f\u0131mda, Kadir&#8217;in \u00f6l\u00e7\u00fcleri de\u011fi\u015ftirerek kendi hesab\u0131na ekledi\u011fini tespit ettim. Durumu M\u00fcft\u00fc&#8217;ye bildirdim. M\u00fcft\u00fc, bankay\u0131 arayarak \u00f6deme s\u00fcre\u00e7lerini durdurdu. M\u00fcft\u00fc Kadir&#8217;i \u00e7a\u011f\u0131r\u0131p m\u00fcfetti\u015f isteyece\u011fini s\u00f6yleyince Kadir de maddi k\u00fclfetlerini \u00f6ne s\u00fcr\u00fcp ald\u0131\u011f\u0131 paralar\u0131 geri \u00f6deyemeyece\u011fini s\u00f6z etti\u201d dedi.<\/p>\n<p><b>M\u00dcFT\u00dc: DURUMU FARK ED\u0130NCE M\u00dcFETT\u0130\u015e \u0130STED\u0130M<\/b><\/p>\n<p>Ek ders \u00f6demeleriyle ilgili listelerin de\u011fi\u015ftirilerek hak edi\u015fi olmayan bireyler ismine adaps\u0131z \u00f6demeler yap\u0131lmas\u0131yla ilgili \u0130l\u00e7e M\u00fcft\u00fcs\u00fc Hakan \u00c7.\u2019nin de tabiri al\u0131nd\u0131. M\u00fcft\u00fc, \u201cDerslere girmedi\u011fi halde Kadir Z.\u2019nin ismini ek fiyat \u00f6deme listesinde oldu\u011funu fark edince m\u00fcfetti\u015f istedim\u201d dedi.<\/p>\n<p><b>B\u0130L\u0130RK\u0130\u015e\u0130 RAPORU: HAKSIZ MADD\u0130 \u00c7IKAR SA\u011eLADI\u011eI SAB\u0130T<\/b><\/p>\n<p>Bu s\u00f6zler \u00fczerine Savc\u0131 Hikmet B\u00fcy\u00fck, 3 ki\u015filik Kamu Maliyesi Uzmanlar\u0131ndan kamu ziyan\u0131na ait rapor istedi.<\/p>\n<p>G\u00f6nderilen raporda, imam Kadir Z.\u2019nin mutemetlik yapt\u0131\u011f\u0131 4 y\u0131ll\u0131k m\u00fcddet zarf\u0131nda, bankaya g\u00f6nderilen Text belgelerinde de\u011fi\u015fiklik yaparak kendi ismine para yat\u0131r\u0131lmas\u0131n\u0131 sa\u011flad\u0131\u011f\u0131, yapt\u0131\u011f\u0131 s\u00fcre\u00e7lerin di\u011ferleri taraf\u0131ndan bilinmemesi i\u00e7in gelen e-postalar\u0131 sildi\u011fi bildirildi.<\/p>\n<p>\u0130mam\u0131n ge\u00e7mi\u015f y\u0131llarda da misal soru\u015fturmalar ge\u00e7irdi\u011fi, maa\u015f kesme cezalar\u0131 ald\u0131\u011f\u0131 da belirtilen eksper raporunda, banka hesap hareketleri incelendi\u011finde haks\u0131z kar sa\u011flad\u0131\u011f\u0131 tabir edildi.<\/p>\n<p>Kamu bankas\u0131na g\u00f6nderilen listede ger\u00e7ek listeye al\u0131\u015f\u0131lmam\u0131\u015f olarak oynama yaparak derslere girmedi\u011fi halde kendi ismine ek ders fiyat\u0131 yat\u0131r\u0131lmas\u0131n\u0131 sa\u011flad\u0131\u011f\u0131, \u00f6deme buyru\u011fu evrak\u0131n\u0131 ger\u00e7ek listelere kar\u015f\u0131t bi\u00e7imde olu\u015fturup bankalara g\u00f6nderdi\u011fi kaydedildi. \u0130mam Kadir Z.\u2019nin kamu vazifelisi olarak vazife yapt\u0131\u011f\u0131 s\u00fcre\u00e7te belgelerde de\u011fi\u015fiklik yaparak kendi ismine para yat\u0131r\u0131lmas\u0131n\u0131 sa\u011flayarak hileli usuller kullan\u0131p \u015fahsi hesab\u0131na haks\u0131z maddi \u00e7\u0131kar sa\u011flad\u0131\u011f\u0131n\u0131n sabit oldu\u011fu uzman raporunda yer ald\u0131.<\/p>\n<p>Zimmet kabahatini i\u015fleyen imam Kadir Z. hakk\u0131nda zimmetine para ge\u00e7irdi\u011fi i\u00e7in 12 y\u0131la kadar mahpus istemiyle A\u011f\u0131r Ceza Mahkemesine dava a\u00e7\u0131ld\u0131. \u0130mam\u0131n yarg\u0131lanmas\u0131na \u00f6n\u00fcm\u00fczdeki g\u00fcnlerde ba\u015flanacak.<\/p>\n","protected":false},"excerpt":{"rendered":"<p>Diyarbak\u0131r\u2019\u0131n Kulp \u0130l\u00e7esinde imaml\u0131k yaparken Diyanet \u0130\u015fleri Ba\u015fkanl\u0131\u011f\u0131nca mutemet olarak g\u00f6revlendirilen Kadir Z.\u2019nin (30) imamlara \u00f6denmek \u00fczere g\u00f6nderilen ek ders fiyatlar\u0131n\u0131 zimmetine ge\u00e7irdi\u011fi ortaya \u00e7\u0131kt\u0131.<\/p>\n","protected":false},"author":1,"featured_media":34313,"comment_status":"open","ping_status":"open","sticky":false,"template":"","format":"standard","meta":{"footnotes":""},"categories":[25],"tags":[92,613,5564,3223,5565],"class_list":["post-34312","post","type-post","status-publish","format-standard","has-post-thumbnail","hentry","category-gundem","tag-banka","tag-dosya","tag-imam","tag-kadir","tag-muftu"],"_links":{"self":[{"href":"https:\/\/ikimisli.tr\/index.php\/wp-json\/wp\/v2\/posts\/34312","targetHints":{"allow":["GET"]}}],"collection":[{"href":"https:\/\/ikimisli.tr\/index.php\/wp-json\/wp\/v2\/posts"}],"about":[{"href":"https:\/\/ikimisli.tr\/index.php\/wp-json\/wp\/v2\/types\/post"}],"author":[{"embeddable":true,"href":"https:\/\/ikimisli.tr\/index.php\/wp-json\/wp\/v2\/users\/1"}],"replies":[{"embeddable":true,"href":"https:\/\/ikimisli.tr\/index.php\/wp-json\/wp\/v2\/comments?post=34312"}],"version-history":[{"count":1,"href":"https:\/\/ikimisli.tr\/index.php\/wp-json\/wp\/v2\/posts\/34312\/revisions"}],"predecessor-version":[{"id":34314,"href":"https:\/\/ikimisli.tr\/index.php\/wp-json\/wp\/v2\/posts\/34312\/revisions\/34314"}],"wp:featuredmedia":[{"embeddable":true,"href":"https:\/\/ikimisli.tr\/index.php\/wp-json\/wp\/v2\/media\/34313"}],"wp:attachment":[{"href":"https:\/\/ikimisli.tr\/index.php\/wp-json\/wp\/v2\/media?parent=34312"}],"wp:term":[{"taxonomy":"category","embeddable":true,"href":"https:\/\/ikimisli.tr\/index.php\/wp-json\/wp\/v2\/categories?post=34312"},{"taxonomy":"post_tag","embeddable":true,"href":"https:\/\/ikimisli.tr\/index.php\/wp-json\/wp\/v2\/tags?post=34312"}],"curies":[{"name":"wp","href":"https:\/\/api.w.org\/{rel}","templated":true}]}}