{"id":34345,"date":"2025-05-04T16:24:34","date_gmt":"2025-05-04T16:24:34","guid":{"rendered":"https:\/\/ikimisli.tr\/?p=34345"},"modified":"2025-05-04T16:24:34","modified_gmt":"2025-05-04T16:24:34","slug":"hukumeti-parcalayan-muska-trumptan-tam-destek","status":"publish","type":"post","link":"https:\/\/ikimisli.tr\/index.php\/2025\/05\/04\/hukumeti-parcalayan-muska-trumptan-tam-destek\/","title":{"rendered":"H\u00fck\u00fcmeti par\u00e7alayan Musk&#8217;a, Trump&#8217;tan tam destek"},"content":{"rendered":"<p>Ba\u015fkan Donald Trump ofisinin masas\u0131n\u0131n \u00e7abucak yan\u0131nda, yan\u0131 ba\u015f\u0131nda o\u011flu ile birlikte konu\u015fan konu\u015fan Elon Musk, Sal\u0131 g\u00fcn\u00fc ABD h\u00fck\u00fcmetin harcamalar\u0131n\u0131 kesme ve y\u0131llard\u0131r h\u00fck\u00fcmetle \u00e7al\u0131\u015fan \u00e7al\u0131\u015fan\u0131 i\u015ften \u00e7\u0131karma kararlar\u0131n\u0131 savundu.<\/p>\n<p>Musk, ABD halk\u0131n\u0131n esasl\u0131 bir de\u011fi\u015fim istedi\u011fini ve Trump idaresinin bu de\u011fi\u015fimi hayata ge\u00e7irdi\u011fini s\u00f6yleyerek ABD&#8217;yi k\u00f6kten de\u011fi\u015ftiren kararlar\u0131n\u0131 savundu.<\/p>\n<p>Bu esnada Trump, ABD b\u00fcrokratik organlar\u0131n\u0131n &#8216;Musk ve DOGE ile i\u015fbirli\u011fi yapmas\u0131&#8217; buyru\u011funu verdi ve Musk&#8217;a esasl\u0131 \u0131slahatlar yapma yetkisi verdi.<\/p>\n<p>K\u00fc\u00e7\u00fck o\u011flunu yan\u0131na alarak konu\u015fan Musk, &#8220;Halk b\u00fcy\u00fck bir h\u00fck\u00fcmet \u0131slahat\u0131 i\u00e7in oy verdi ve halk\u0131n alaca\u011f\u0131 \u015fey de tam olarak bu,&#8221; dedi.<\/p>\n<p>Musk, &#8220;Halk\u0131m\u0131z neye oy verdiklerini biliyordu ve art\u0131k de oy verdikleri hizmeti al\u0131yorlar&#8221; dedi.<\/p>\n<p><img decoding=\"async\" src=\"https:\/\/ikimisli.tr\/wp-content\/uploads\/2025\/05\/hukumeti-parcalayan-muska-trumptan-tam-destek-0-PcHez2zP.png\"\/><\/p>\n<p><b>KARARNAME \u0130LE G\u00dcZELL\u0130K<\/b><\/p>\n<p>Trump, Musk\u2019\u0131n y\u00fcr\u00fctt\u00fc\u011f\u00fc \u0131slahatlara takviyesini g\u00f6stermek i\u00e7in bir ba\u015fkanl\u0131k kararnamesi imzalad\u0131.<\/p>\n<p>Beyaz Saray taraf\u0131ndan yay\u0131mlanan bir bilgi notuna nazaran, kararname federal kurum y\u00f6neticilerinin, h\u00fck\u00fcmetin k\u00fc\u00e7\u00fclt\u00fclmesi ve i\u015fe al\u0131mlar\u0131n s\u0131rf mecbur\u00ee konumlarla sonland\u0131r\u0131lmas\u0131 konusunda H\u00fck\u00fcmet Verimlili\u011fi Departman\u0131 (DOGE) ile i\u015f birli\u011fi yapmas\u0131n\u0131 zarur\u00ee k\u0131l\u0131yor.<\/p>\n<p>Demokratlar taraf\u0131ndan yasa d\u0131\u015f\u0131 olarak nitelendirilen bu s\u00fcratli k\u00fc\u00e7\u00fclme s\u00fcreci ve h\u00fck\u00fcmet programlar\u0131n\u0131n ask\u0131ya al\u0131nmas\u0131, mahkemelerde a\u011f\u0131r hukuksal direni\u015fle kar\u015f\u0131la\u015ft\u0131.<\/p>\n<p>Kongre taraf\u0131ndan olu\u015fturulmu\u015f kurum ve programlar\u0131n Musk ve grubu taraf\u0131ndan kald\u0131r\u0131lmas\u0131n\u0131n anayasaya muhalif oldu\u011fu gerek\u00e7esiyle onlarca dava a\u00e7\u0131ld\u0131.<\/p>\n<p>Yarg\u0131\u00e7lar, idarenin \u00e7e\u015fitli te\u015febb\u00fcslerini engelledi, Musk\u2019\u0131n Hazine Bakanl\u0131\u011f\u0131\u2019n\u0131n hassas datalar\u0131na eri\u015fimini durdurdu ve federal \u00e7al\u0131\u015fanlara sunulan &#8220;ertelenmi\u015f istifalar&#8221; i\u00e7in belirlenen s\u00fcreyi ask\u0131ya ald\u0131.<\/p>\n<p>Musk, b\u00fcrokrasinin &#8220;se\u00e7ilmemi\u015f bir h\u00fck\u00fcmet organ\u0131na&#8221; d\u00f6n\u00fc\u015ft\u00fc\u011f\u00fcn\u00fc \u00f6ne s\u00fcrerek federal \u00e7al\u0131\u015fanlar\u0131n hesap verebilir olmas\u0131 gerekti\u011fini savundu.<\/p>\n<p>Bu esnada ald\u0131\u011f\u0131 kararlarda \u015feffaf olmamakla su\u00e7lanan Musk\u2019\u0131n kendi mali beyanlar\u0131n\u0131n bilinmeyen kalaca\u011f\u0131 bildirildi.<br \/><img decoding=\"async\" src=\"https:\/\/ikimisli.tr\/wp-content\/uploads\/2025\/05\/hukumeti-parcalayan-muska-trumptan-tam-destek-1-seI8BBvc.png\"\/><\/p>\n<p><b>MUSK DENET\u00c7\u0130S\u0130: EN G\u00dcZEL DOSTU TRUMP<\/b><\/p>\n<p>Musk, h\u00fck\u00fcmetle milyarlarca dolarl\u0131k mukavelelere sahip \u015firketleri olmas\u0131na kar\u015f\u0131n \u00e7\u0131kar \u00e7at\u0131\u015fmas\u0131na girmeyece\u011fini s\u00f6yledi.<\/p>\n<p>&#8220;Beni daima denetleyecekler,&#8221; diyen Musk, DOGE\u2019nin internet sitesinin ne yap\u0131ld\u0131\u011f\u0131n\u0131 a\u00e7\u0131klad\u0131\u011f\u0131n\u0131 belirterek \u015feffaf bir formda s\u00fcreci y\u00f6nettiklerini \u00f6ne s\u00fcrd\u00fc.<\/p>\n<p>Ba\u015fkan Trump, Musk\u2019\u0131n rastgele bir projede bir us\u00fcls\u00fczl\u00fck yapt\u0131\u011f\u0131n\u0131 d\u00fc\u015f\u00fcnmesi durumunda, DOGE&#8217;ye m\u00fcdahale edece\u011fini s\u00f6yledi.<\/p>\n<p>Trump, mahkemelerin idarenin yetkilerini sonland\u0131rmas\u0131na dair sorulara &#8220;Mahkeme kararlar\u0131na her vakit ikaz\u0131m, sonra da temyize g\u00f6t\u00fcr\u00fcr\u00fcm,&#8221; kar\u015f\u0131l\u0131\u011f\u0131n\u0131 verdi.<\/p>\n<p>Musk ise s\u00fcrecin s\u00fcratli ilerledi\u011fini kabul ederek birtak\u0131m kusurlar\u0131n yap\u0131labilece\u011fini fakat bunlar\u0131n s\u00fcratle d\u00fczeltilece\u011fini s\u00f6yledi.<\/p>\n","protected":false},"excerpt":{"rendered":"<p>Elon Musk, federal h\u00fck\u00fcmetin k\u00fc\u00e7\u00fclt\u00fclmesi ve \u00e7al\u0131\u015fanlar\u0131n i\u015ften \u00e7\u0131kar\u0131lmas\u0131 kararlar\u0131n\u0131 savundu. Lider Trump, Musk\u2019a geni\u015f yetkiler tan\u0131yan bir kararname imzalad\u0131. Musk y\u00f6netti\u011fi DOGE&#8217;nin \u015feffaf olmad\u0131\u011f\u0131 tenkitleri daha da artarken, k\u00fc\u00e7\u00fck o\u011flu ile birlikte poz veren Musk &#8220;Trump taraf\u0131ndan denetlenece\u011fini&#8221; s\u00f6yledi.<\/p>\n","protected":false},"author":1,"featured_media":34346,"comment_status":"open","ping_status":"open","sticky":false,"template":"","format":"standard","meta":{"footnotes":""},"categories":[43],"tags":[941,1300,131,5087],"class_list":["post-34345","post","type-post","status-publish","format-standard","has-post-thumbnail","hentry","category-dunya","tag-hukumet","tag-musk","tag-trump","tag-verdi"],"_links":{"self":[{"href":"https:\/\/ikimisli.tr\/index.php\/wp-json\/wp\/v2\/posts\/34345","targetHints":{"allow":["GET"]}}],"collection":[{"href":"https:\/\/ikimisli.tr\/index.php\/wp-json\/wp\/v2\/posts"}],"about":[{"href":"https:\/\/ikimisli.tr\/index.php\/wp-json\/wp\/v2\/types\/post"}],"author":[{"embeddable":true,"href":"https:\/\/ikimisli.tr\/index.php\/wp-json\/wp\/v2\/users\/1"}],"replies":[{"embeddable":true,"href":"https:\/\/ikimisli.tr\/index.php\/wp-json\/wp\/v2\/comments?post=34345"}],"version-history":[{"count":1,"href":"https:\/\/ikimisli.tr\/index.php\/wp-json\/wp\/v2\/posts\/34345\/revisions"}],"predecessor-version":[{"id":34349,"href":"https:\/\/ikimisli.tr\/index.php\/wp-json\/wp\/v2\/posts\/34345\/revisions\/34349"}],"wp:featuredmedia":[{"embeddable":true,"href":"https:\/\/ikimisli.tr\/index.php\/wp-json\/wp\/v2\/media\/34346"}],"wp:attachment":[{"href":"https:\/\/ikimisli.tr\/index.php\/wp-json\/wp\/v2\/media?parent=34345"}],"wp:term":[{"taxonomy":"category","embeddable":true,"href":"https:\/\/ikimisli.tr\/index.php\/wp-json\/wp\/v2\/categories?post=34345"},{"taxonomy":"post_tag","embeddable":true,"href":"https:\/\/ikimisli.tr\/index.php\/wp-json\/wp\/v2\/tags?post=34345"}],"curies":[{"name":"wp","href":"https:\/\/api.w.org\/{rel}","templated":true}]}}