{"id":34353,"date":"2025-05-04T16:48:12","date_gmt":"2025-05-04T16:48:12","guid":{"rendered":"https:\/\/ikimisli.tr\/?p=34353"},"modified":"2025-05-04T16:48:12","modified_gmt":"2025-05-04T16:48:12","slug":"mourinho-avrupada-final-istiyor","status":"publish","type":"post","link":"https:\/\/ikimisli.tr\/index.php\/2025\/05\/04\/mourinho-avrupada-final-istiyor\/","title":{"rendered":"Mourinho Avrupa&#8217;da final istiyor"},"content":{"rendered":"<p><span>F.Bah\u00e7e\u2019ye imza att\u0131g\u0306\u0131nda Su\u0308per Lig s\u0327ampiyonlug\u0306unu birinci gaye olarak belirleyen Mourinho, Avrupa\u2019y\u0131 ikinci plana atm\u0131s\u0327t\u0131. Lig as\u0327amas\u0131 geride kald\u0131g\u0306\u0131nda ortaya c\u0327\u0131kan tablo, Portekizli hocan\u0131n genlerindeki Avrupa gayesini ortaya c\u0327\u0131kard\u0131. S\u0327ampiyonlar Ligi, UEFA Kupas\u0131 ve Konferans Ligi\u2019nde kupa kald\u0131ran tek teknik adam olan Mourinho, Kanarya\u2019da da hayaller kurmaya bas\u0327lad\u0131. <\/span><\/p>\n<p><b><span>KONSANTRASYONU BOZULUR <\/span><\/b><\/p>\n<p><span>Son 16 play-off \u00e7e\u015fidinde Anderlecht ile es\u0327les\u0327en sar\u0131-lacivertlilerin, sonras\u0131ndaki fikstu\u0308ru\u0308 du\u0308nyaca u\u0308nlu\u0308 c\u0327al\u0131s\u0327t\u0131r\u0131c\u0131ya, \u201cFinal oynayabiliriz\u201d dedirtti. Bu kulvarda en gu\u0308c\u0327lu\u0308 tak\u0131m\u0131yla devam etmek isteyen Jose Mourinho, Osayi Samuel\u2019in Fulham\u2019a transferine m\u00fcsaade vermedi. Nijeryal\u0131 sag\u0306 bekin TFF\u2019ye bildirilecek tak\u0131mda olmama ihtimalini de \u2018konsantrasyonu bozulur\u2019 diyerek reddetti. <\/span><\/p>\n<p><b><span>ROMA\u2019DA BUNU BAS\u0327ARDI <\/span><\/b><\/p>\n<p><span>Tercihini Osayi\u2019den yana kulland\u0131, transferinde o\u0308nemli rol oynad\u0131g\u0306\u0131 Mimovic\u2019in kiralanmas\u0131 yo\u0308nu\u0308nde rapor verdi. UEFA Avrupa Ligi\u2019ni c\u0327ok o\u0308nemseyen Mourinho eg\u0306er bu maksad\u0131n\u0131 gerc\u0327ekles\u0327tirirse F.Bahc\u0327e tarihine ismini alt\u0131n harflerle yazd\u0131racak. Mesle\u011finde o\u0308nemli zaferler olan Mourinho son kulu\u0308bu\u0308 Roma\u2019y\u0131 da uzun vakit sonra Konferans Ligi\u2019nde memnun sona ulas\u0327t\u0131rm\u0131s\u0327t\u0131. <\/span><\/p>\n","protected":false},"excerpt":{"rendered":"<p>UEFA Avrupa Ligi\u2019ndeki yol haritas\u0131n\u0131n belirlenmesiyle is\u0327tah\u0131 kabaran u\u0308nlu\u0308 teknik adam, bu kulvarda en gu\u0308c\u0327lu\u0308 tak\u0131m\u0131yla devam etmek ic\u0327in yerine isim yazamayacag\u0306\u0131 Osayi Samuel\u2019in gidis\u0327ine dahi m\u00fcsaade vermedi.<\/p>\n","protected":false},"author":1,"featured_media":34354,"comment_status":"open","ping_status":"open","sticky":false,"template":"","format":"standard","meta":{"footnotes":""},"categories":[30],"tags":[484,1298],"class_list":["post-34353","post","type-post","status-publish","format-standard","has-post-thumbnail","hentry","category-spor","tag-lig","tag-mourinho"],"_links":{"self":[{"href":"https:\/\/ikimisli.tr\/index.php\/wp-json\/wp\/v2\/posts\/34353","targetHints":{"allow":["GET"]}}],"collection":[{"href":"https:\/\/ikimisli.tr\/index.php\/wp-json\/wp\/v2\/posts"}],"about":[{"href":"https:\/\/ikimisli.tr\/index.php\/wp-json\/wp\/v2\/types\/post"}],"author":[{"embeddable":true,"href":"https:\/\/ikimisli.tr\/index.php\/wp-json\/wp\/v2\/users\/1"}],"replies":[{"embeddable":true,"href":"https:\/\/ikimisli.tr\/index.php\/wp-json\/wp\/v2\/comments?post=34353"}],"version-history":[{"count":1,"href":"https:\/\/ikimisli.tr\/index.php\/wp-json\/wp\/v2\/posts\/34353\/revisions"}],"predecessor-version":[{"id":34355,"href":"https:\/\/ikimisli.tr\/index.php\/wp-json\/wp\/v2\/posts\/34353\/revisions\/34355"}],"wp:featuredmedia":[{"embeddable":true,"href":"https:\/\/ikimisli.tr\/index.php\/wp-json\/wp\/v2\/media\/34354"}],"wp:attachment":[{"href":"https:\/\/ikimisli.tr\/index.php\/wp-json\/wp\/v2\/media?parent=34353"}],"wp:term":[{"taxonomy":"category","embeddable":true,"href":"https:\/\/ikimisli.tr\/index.php\/wp-json\/wp\/v2\/categories?post=34353"},{"taxonomy":"post_tag","embeddable":true,"href":"https:\/\/ikimisli.tr\/index.php\/wp-json\/wp\/v2\/tags?post=34353"}],"curies":[{"name":"wp","href":"https:\/\/api.w.org\/{rel}","templated":true}]}}