{"id":34412,"date":"2025-05-04T20:36:12","date_gmt":"2025-05-04T20:36:12","guid":{"rendered":"https:\/\/ikimisli.tr\/?p=34412"},"modified":"2025-05-04T20:36:12","modified_gmt":"2025-05-04T20:36:12","slug":"ic-camasiriyla-uyuyup-9-ay-kabusu-yasadi","status":"publish","type":"post","link":"https:\/\/ikimisli.tr\/index.php\/2025\/05\/04\/ic-camasiriyla-uyuyup-9-ay-kabusu-yasadi\/","title":{"rendered":"\u0130\u00e7 \u00e7ama\u015f\u0131r\u0131yla uyuyup 9 ay kabusu ya\u015fad\u0131"},"content":{"rendered":"<p>ABD, Texas&#8217;ta emlak y\u00f6neticili\u011fi yapan 26 ya\u015f\u0131ndaki Kaela, daha evvel tekraren giydi\u011fi bir i\u00e7 \u00e7ama\u015f\u0131r\u0131yla uykuya dald\u0131. Fakat sabah uyand\u0131\u011f\u0131nda \u00e7ama\u015f\u0131r\u0131n vajinas\u0131na s\u00fcrt\u00fcnerek ip \u00fczere bir kesik olu\u015fturdu\u011funu fark etti.<\/p>\n<p>Ba\u015flarda yaran\u0131n resen g\u00fczelle\u015fece\u011fini d\u00fc\u015f\u00fcn\u00fcp ciddiye almasa da takip eden birka\u00e7 g\u00fcnde \u015fiddetli yanma hissetti; ate\u015f de beraberinde geldi&#8230; Kesi\u011fin \u00fczerinde bir \u015fi\u015flik olu\u015funca bacaklar\u0131n\u0131 kapatamaz hale geldi ve doktor y\u00f6nlendirmesiyle antibiyotik tedavisine ba\u015flad\u0131.<\/p>\n<p><b>VER\u0130LEN MORF\u0130NE KAR\u015eIN ACILARI D\u0130NMED\u0130<\/b><\/p>\n<p>\u0130ki g\u00fcn boyunca antibiyotik kullanmas\u0131na kar\u015f\u0131n durumu k\u00f6t\u00fcle\u015fmeye devam eden Kaela, tekrar hastaneye gitti. Ya\u015fad\u0131\u011f\u0131 ac\u0131y\u0131 ise &#8220;Oturam\u0131yor, ayakta duram\u0131yor hatta yatam\u0131yordum bile. Tek yapabildi\u011fim hastaneye sa\u011f taraf\u0131mdaki a\u011fr\u0131 nedeniyle sol taraf\u0131ma yatm\u0131\u015f halde gitmekti&#8221; kelamlar\u0131yla anlatt\u0131.<\/p>\n<p>Hastanede yap\u0131lan ultrason sonucunda Kaela&#8217;n\u0131n 4.8 cm b\u00fcy\u00fckl\u00fc\u011f\u00fcnde Bartholin kisti geli\u015ftirdi\u011fi ve enfeksiyon kapt\u0131\u011f\u0131 tespit edildi. Hekimler, m\u00fcdahale edilmedi\u011fi takdirde sepsise girebilece\u011fini s\u00f6yledi. Kaela&#8217;ya farkl\u0131 antibiyotikler verildi ve kistin resen patlamas\u0131 umuldu. Lakin s\u00fcre\u00e7 epey ac\u0131 vericiydi, verilen morfine kar\u015f\u0131n ac\u0131dan \u00e7\u0131\u011fl\u0131k atmaya devam ediyordu&#8230;<\/p>\n<p>Hastanede \u00fc\u00e7\u00fcnc\u00fc g\u00fcn\u00fcn sabah\u0131nda aya\u011fa kalkt\u0131\u011f\u0131nda bacaklar\u0131ndan a\u015fa\u011f\u0131 b\u00fcy\u00fck \u00f6l\u00e7\u00fcde s\u0131v\u0131 akt\u0131\u011f\u0131n\u0131 hissetti; kist patlam\u0131\u015ft\u0131. Kaela o an b\u00fcy\u00fck bir rahatlama hissetti ve nihayet ola\u011fan bir halde oturup yatabildi. Hastanede iki g\u00fcn daha kald\u0131ktan sonra enfeksiyonun ge\u00e7ti\u011fi tespit edildi ve taburcu edildi lakin zahmetler daha bitmemi\u015fti&#8230;<\/p>\n<p><b>\u0130\u00c7 \u00c7AMA\u015eIRI KABUSU 9 AY SONRA SON BULDU<\/b><\/p>\n<p>\u0130\u00e7 \u00e7ama\u015f\u0131r\u0131n\u0131n olu\u015fturdu\u011fu k\u00fc\u00e7\u00fck kesikten aylar sonra acil servise yapt\u0131\u011f\u0131 say\u0131s\u0131z ziyaretin akabinde nihayet Kaela&#8217;ya mantar enfeksiyonu te\u015fhisi kondu. Tabibin re\u00e7ete etti\u011fi antifungal ila\u00e7lar\u0131 kulland\u0131ktan sonra &#8220;Bir hafta i\u00e7inde kendimi \u00e7ok daha \u00e2l\u00e2 hissetmeye ba\u015flad\u0131m&#8221; diyen Kaela, bu s\u00fcrecin ne kadar a\u011f\u0131r oldu\u011funu fakat g\u00fczelle\u015fti\u011finde anlad\u0131\u011f\u0131n\u0131 s\u00f6yledi. Takip eden birka\u00e7 ay i\u00e7inde yara b\u00fcsb\u00fct\u00fcn g\u00fczelle\u015fti ve enfeksiyon b\u00fcsb\u00fct\u00fcn ge\u00e7ti.<\/p>\n<p>Ya\u015fad\u0131\u011f\u0131 tecr\u00fcbesi payla\u015fan Kaela, &#8220;Bu kadar kolay bir \u015feyin bana dokuz ay boyunca ac\u0131 \u00e7ektirmesi sahiden \u00e7\u0131lg\u0131nca ve komik&#8221; diyerek ba\u015f\u0131na gelenlerle dalga ge\u00e7meye ba\u015flad\u0131. Fakat bu olaydan b\u00fcy\u00fck bir ders \u00e7\u0131karan Kaela, art\u0131k i\u00e7 \u00e7ama\u015f\u0131r\u0131yla uyumad\u0131\u011f\u0131n\u0131 ve b\u00fccudunun nefes almas\u0131na m\u00fcsaade verdi\u011fini belirtiyor&#8230;<\/p>\n","protected":false},"excerpt":{"rendered":"<p>Herkes vakit zaman i\u00e7 \u00e7ama\u015f\u0131r\u0131yla uyusa da 26 ya\u015f\u0131ndaki bir bayan i\u00e7in bu hareketi bir kabusa d\u00f6n\u00fc\u015ft\u00fc. Takip eden s\u00fcre\u00e7te 9 ay boyunca hastanede yatmak zorunda kald\u0131&#8230;<\/p>\n","protected":false},"author":1,"featured_media":34413,"comment_status":"open","ping_status":"open","sticky":false,"template":"","format":"standard","meta":{"footnotes":""},"categories":[43],"tags":[2562,5575],"class_list":["post-34412","post","type-post","status-publish","format-standard","has-post-thumbnail","hentry","category-dunya","tag-aci","tag-camasiri"],"_links":{"self":[{"href":"https:\/\/ikimisli.tr\/index.php\/wp-json\/wp\/v2\/posts\/34412","targetHints":{"allow":["GET"]}}],"collection":[{"href":"https:\/\/ikimisli.tr\/index.php\/wp-json\/wp\/v2\/posts"}],"about":[{"href":"https:\/\/ikimisli.tr\/index.php\/wp-json\/wp\/v2\/types\/post"}],"author":[{"embeddable":true,"href":"https:\/\/ikimisli.tr\/index.php\/wp-json\/wp\/v2\/users\/1"}],"replies":[{"embeddable":true,"href":"https:\/\/ikimisli.tr\/index.php\/wp-json\/wp\/v2\/comments?post=34412"}],"version-history":[{"count":1,"href":"https:\/\/ikimisli.tr\/index.php\/wp-json\/wp\/v2\/posts\/34412\/revisions"}],"predecessor-version":[{"id":34414,"href":"https:\/\/ikimisli.tr\/index.php\/wp-json\/wp\/v2\/posts\/34412\/revisions\/34414"}],"wp:featuredmedia":[{"embeddable":true,"href":"https:\/\/ikimisli.tr\/index.php\/wp-json\/wp\/v2\/media\/34413"}],"wp:attachment":[{"href":"https:\/\/ikimisli.tr\/index.php\/wp-json\/wp\/v2\/media?parent=34412"}],"wp:term":[{"taxonomy":"category","embeddable":true,"href":"https:\/\/ikimisli.tr\/index.php\/wp-json\/wp\/v2\/categories?post=34412"},{"taxonomy":"post_tag","embeddable":true,"href":"https:\/\/ikimisli.tr\/index.php\/wp-json\/wp\/v2\/tags?post=34412"}],"curies":[{"name":"wp","href":"https:\/\/api.w.org\/{rel}","templated":true}]}}