{"id":3443,"date":"2025-01-12T23:48:35","date_gmt":"2025-01-12T23:48:35","guid":{"rendered":"https:\/\/ikimisli.tr\/?p=3443"},"modified":"2025-01-12T23:48:35","modified_gmt":"2025-01-12T23:48:35","slug":"berber-fiyatlarina-flas-zam-damat-tirasi-dudak-ucuklatti","status":"publish","type":"post","link":"https:\/\/ikimisli.tr\/index.php\/2025\/01\/12\/berber-fiyatlarina-flas-zam-damat-tirasi-dudak-ucuklatti\/","title":{"rendered":"Berber fiyatlar\u0131na fla\u015f zam: Damat t\u0131ra\u015f\u0131 dudak u\u00e7uklatt\u0131"},"content":{"rendered":"<p>2025&#8217;in birinci g\u00fcnlerinden beri her \u015feye gelen art\u0131r\u0131mlar vatanda\u015f\u0131n belini b\u00fckmeye devam ediyor. AKP iktisat idaresinin art\u0131r\u0131ma dayal\u0131 iktisat siyasetinden berberler de nasibini ald\u0131.<\/p>\n<p>Sakarya\u2019da berber fiyatlar\u0131na gelen art\u0131r\u0131mla birlikte en y\u00fcksek fiyat damat t\u0131ra\u015f\u0131n\u0131n olurken fiyat\u0131 3 bin TL olarak belirlendi. Sa\u00e7-sakal kesim 600 TL olurken damat t\u0131ra\u015f\u0131 ise 3 bin TL olarak belirlendi.<\/p>\n<p><b>\u0130\u015eTE YEN\u0130 TAR\u0130FE:<\/b><\/p>\n<ul>\n<li>Sa\u00e7 sakal b\u00f6l\u00fcm\u00fc y\u0131kama depilasyon: 600 TL<\/li>\n<li>Sa\u00e7 sakal kuru: 400 TL<\/li>\n<li>Sa\u00e7 kesiti y\u0131kama: 350 TL<\/li>\n<li>Sa\u00e7 k\u0131sm\u0131 kuru: 250 TL<\/li>\n<li>Sakal j\u00f6n kesim: 200 TL<\/li>\n<li>Sa\u00e7 y\u0131kama f\u00f6n: 100 TL<\/li>\n<li>\u00c7ocuk t\u0131ra\u015f\u0131: 250 TL<\/li>\n<li>Favori ense b\u0131y\u0131k d\u00fczeltme: 100 TL<\/li>\n<li>Sa\u00e7 keratin bak\u0131m\u0131: 1000 TL<\/li>\n<li>Sa\u00e7 renklendirme: 3000 TL<\/li>\n<li>Sa\u00e7 boyama: 1200 TL<\/li>\n<li>Sa\u00e7 ustura kesim: 200 TL<\/li>\n<li>Perma: 2500 TL<\/li>\n<li>Damat t\u0131ra\u015f\u0131: 3000 TL<\/li>\n<li>Depilasyon: 150 TL<\/li>\n<\/ul>\n","protected":false},"excerpt":{"rendered":"<p>T\u00fcrkiye&#8217;de her \u015feye art\u0131r\u0131m gelmeye devam ediyor. Berber fiyatlar\u0131na gelen art\u0131r\u0131mdan sonra yeni tarife ortaya \u00e7\u0131kt\u0131. Damat tra\u015f\u0131 3 Bin TL&#8217;ye \u00e7\u0131kt\u0131<\/p>\n","protected":false},"author":1,"featured_media":3444,"comment_status":"open","ping_status":"open","sticky":false,"template":"","format":"standard","meta":{"footnotes":""},"categories":[24],"tags":[48],"class_list":["post-3443","post","type-post","status-publish","format-standard","has-post-thumbnail","hentry","category-ekonomi","tag-kesim"],"_links":{"self":[{"href":"https:\/\/ikimisli.tr\/index.php\/wp-json\/wp\/v2\/posts\/3443","targetHints":{"allow":["GET"]}}],"collection":[{"href":"https:\/\/ikimisli.tr\/index.php\/wp-json\/wp\/v2\/posts"}],"about":[{"href":"https:\/\/ikimisli.tr\/index.php\/wp-json\/wp\/v2\/types\/post"}],"author":[{"embeddable":true,"href":"https:\/\/ikimisli.tr\/index.php\/wp-json\/wp\/v2\/users\/1"}],"replies":[{"embeddable":true,"href":"https:\/\/ikimisli.tr\/index.php\/wp-json\/wp\/v2\/comments?post=3443"}],"version-history":[{"count":1,"href":"https:\/\/ikimisli.tr\/index.php\/wp-json\/wp\/v2\/posts\/3443\/revisions"}],"predecessor-version":[{"id":3445,"href":"https:\/\/ikimisli.tr\/index.php\/wp-json\/wp\/v2\/posts\/3443\/revisions\/3445"}],"wp:featuredmedia":[{"embeddable":true,"href":"https:\/\/ikimisli.tr\/index.php\/wp-json\/wp\/v2\/media\/3444"}],"wp:attachment":[{"href":"https:\/\/ikimisli.tr\/index.php\/wp-json\/wp\/v2\/media?parent=3443"}],"wp:term":[{"taxonomy":"category","embeddable":true,"href":"https:\/\/ikimisli.tr\/index.php\/wp-json\/wp\/v2\/categories?post=3443"},{"taxonomy":"post_tag","embeddable":true,"href":"https:\/\/ikimisli.tr\/index.php\/wp-json\/wp\/v2\/tags?post=3443"}],"curies":[{"name":"wp","href":"https:\/\/api.w.org\/{rel}","templated":true}]}}