{"id":34452,"date":"2025-05-04T22:48:15","date_gmt":"2025-05-04T22:48:15","guid":{"rendered":"https:\/\/ikimisli.tr\/?p=34452"},"modified":"2025-05-04T22:48:15","modified_gmt":"2025-05-04T22:48:15","slug":"tuik-acikladi-aralik-ayi-dis-ticaret-endeksleri-belli-oldu","status":"publish","type":"post","link":"https:\/\/ikimisli.tr\/index.php\/2025\/05\/04\/tuik-acikladi-aralik-ayi-dis-ticaret-endeksleri-belli-oldu\/","title":{"rendered":"T\u00dc\u0130K a\u00e7\u0131klad\u0131: Aral\u0131k ay\u0131 d\u0131\u015f ticaret endeksleri belli oldu!"},"content":{"rendered":"<p>T\u00fcrkiye \u0130statistik Kurumu (T\u00dc\u0130K) 2024 y\u0131l\u0131n\u0131n aral\u0131k ay\u0131na ait d\u0131\u015f ticaret endeksleri datalar\u0131n\u0131 a\u00e7\u0131klad\u0131. <\/p>\n<p>\u0130hracat \u00fcnite bedel endeksi Aral\u0131k ay\u0131nda bir evvelki y\u0131l\u0131n t\u0131pk\u0131 ay\u0131na nazaran y\u00fczde 1,0 artt\u0131. Endeks bir evvelki y\u0131l\u0131n t\u0131pk\u0131 ay\u0131na nazaran besin, i\u00e7ecek ve t\u00fct\u00fcnde y\u00fczde 8,3 artt\u0131, ham hususlarda (yak\u0131t hari\u00e7) y\u00fczde 7,6 artt\u0131, yak\u0131tlarda y\u00fczde 5,9 azald\u0131, imalat end\u00fcstrinde (g\u0131da, i\u00e7ecek, t\u00fct\u00fcn hari\u00e7) y\u00fczde 0,3 azald\u0131.<\/p>\n<p><b>\u0130HRACAT \u00d6L\u00c7\u00dc ENDEKS\u0130 Y\u00dcZDE 1,1 ARTTI<\/b><\/p>\n<p>\u0130hracat \u00f6l\u00e7\u00fc endeksi Aral\u0131k ay\u0131nda bir evvelki y\u0131l\u0131n birebir ay\u0131na nazaran y\u00fczde 1,1 artt\u0131. Endeks bir evvelki y\u0131l\u0131n t\u0131pk\u0131 ay\u0131na nazaran besin, i\u00e7ecek ve t\u00fct\u00fcnde y\u00fczde 7,0 azald\u0131, ham hususlarda (yak\u0131t hari\u00e7) y\u00fczde 7,3 azald\u0131, yak\u0131tlarda y\u00fczde 8,0 azald\u0131, imalat end\u00fcstrinde (g\u0131da, i\u00e7ecek, t\u00fct\u00fcn hari\u00e7) y\u00fczde 4,8 artt\u0131.<\/p>\n<p><b>\u0130THALAT \u00dcN\u0130TE ENDEKS\u0130 Y\u00dcZDE 0,7 ARTTI<\/b><\/p>\n<p>\u0130thalat \u00fcnite bedel endeksi Aral\u0131k ay\u0131nda bir evvelki y\u0131l\u0131n t\u0131pk\u0131 ay\u0131na nazaran y\u00fczde 0,7 artt\u0131. Endeks bir evvelki y\u0131l\u0131n t\u0131pk\u0131 ay\u0131na nazaran, besin, i\u00e7ecek ve t\u00fct\u00fcnde y\u00fczde 5,0 artt\u0131, yak\u0131tlarda y\u00fczde 4,3 azald\u0131, ham unsurlarda (yak\u0131t hari\u00e7) y\u00fczde 2,6 artt\u0131, imalat end\u00fcstrinde (g\u0131da, i\u00e7ecek, t\u00fct\u00fcn hari\u00e7) y\u00fczde 3,6 azald\u0131.<\/p>\n<p>\u0130thalat \u00f6l\u00e7\u00fc endeksi Aral\u0131k ay\u0131nda bir evvelki y\u0131l\u0131n t\u0131pk\u0131 ay\u0131na nazaran y\u00fczde 10,2 artt\u0131. Endeks bir evvelki y\u0131l\u0131n t\u0131pk\u0131 ay\u0131na nazaran, besin, i\u00e7ecek ve t\u00fct\u00fcnde y\u00fczde 5,5 azald\u0131, ham hususlarda (yak\u0131t hari\u00e7) y\u00fczde 8,3 artt\u0131, yak\u0131tlarda y\u00fczde 6,9 artt\u0131, imalat end\u00fcstrinde (g\u0131da, i\u00e7ecek, t\u00fct\u00fcn hari\u00e7) y\u00fczde 18,0 artt\u0131.<\/p>\n<p><strong>Mevsim ve takvim tesirlerinden ar\u0131nd\u0131r\u0131lm\u0131\u015f ihracat \u00f6l\u00e7\u00fc endeksi y\u00fczde 3,1 artt\u0131.<\/strong><\/p>\n<p>Mevsim ve takvim tesirlerinden ar\u0131nd\u0131r\u0131lm\u0131\u015f seriye nazaran ihracat \u00f6l\u00e7\u00fc endeksi; 2024 Kas\u0131m ay\u0131nda 151,4 iken 2024 Aral\u0131k ay\u0131nda y\u00fczde 3,1 oran\u0131nda artarak 156,2 oldu. Takvim tesirlerinden ar\u0131nd\u0131r\u0131lm\u0131\u015f seriye nazaran ise ihracat \u00f6l\u00e7\u00fc endeksi; 2023 y\u0131l\u0131 Aral\u0131k ay\u0131nda 170,3 iken 2024 y\u0131l\u0131 Aral\u0131k ay\u0131nda y\u00fczde 2,8 oran\u0131nda azalarak 165,5 oldu.<\/p>\n<p><strong>Mevsim ve takvim tesirlerinden ar\u0131nd\u0131r\u0131lm\u0131\u015f ithalat \u00f6l\u00e7\u00fc endeksi y\u00fczde 1,6 artt\u0131.<\/strong><\/p>\n<p>Mevsim ve takvim tesirlerinden ar\u0131nd\u0131r\u0131lm\u0131\u015f seriye nazaran ithalat \u00f6l\u00e7\u00fc endeksi; 2024 Kas\u0131m ay\u0131nda 126,3 iken 2024 Aral\u0131k ay\u0131nda %1,6 oran\u0131nda artarak 128,4 oldu. Takvim tesirlerinden ar\u0131nd\u0131r\u0131lm\u0131\u015f seriye nazaran ise ithalat \u00f6l\u00e7\u00fc endeksi; 2023 y\u0131l\u0131 Aral\u0131k ay\u0131nda 128,3 iken 2024 y\u0131l\u0131 Aral\u0131k ay\u0131nda %6,9 oran\u0131nda artarak 137,2 oldu.<\/p>\n<p><strong>D\u0131\u015f ticaret haddi 2024 y\u0131l\u0131 Aral\u0131k ay\u0131nda 85,0 olarak ger\u00e7ekle\u015fti.<\/strong><\/p>\n<p>\u0130hracat \u00fcnite k\u0131ymet endeksinin ithalat \u00fcnite paha endeksine b\u00f6l\u00fcnmesiyle hesaplanan ve 2023 y\u0131l\u0131 Aral\u0131k ay\u0131nda 84,8 olarak elde edilmi\u015f olan d\u0131\u015f ticaret haddi, 0,2 puan artarak, 2024 y\u0131l\u0131 Aral\u0131k ay\u0131nda 85,0 oldu.<\/p>\n","protected":false},"excerpt":{"rendered":"<p>T\u00fcrkiye \u0130statistik Kurumu (T\u00dc\u0130K) ge\u00e7en y\u0131l\u0131n aral\u0131k ay\u0131n\u0131n d\u0131\u015f ticaret endekslerini a\u00e7\u0131klad\u0131. Buna nazaran ihracat \u00fcnite bedel endeksi y\u00fczde 1,0 art\u0131\u015f g\u00f6sterdi.<\/p>\n","protected":false},"author":1,"featured_media":34453,"comment_status":"open","ping_status":"open","sticky":false,"template":"","format":"standard","meta":{"footnotes":""},"categories":[24],"tags":[407,2343,2257,1307,1970],"class_list":["post-34452","post","type-post","status-publish","format-standard","has-post-thumbnail","hentry","category-ekonomi","tag-407","tag-azaldi","tag-endeksi","tag-ithalat","tag-tutun"],"_links":{"self":[{"href":"https:\/\/ikimisli.tr\/index.php\/wp-json\/wp\/v2\/posts\/34452","targetHints":{"allow":["GET"]}}],"collection":[{"href":"https:\/\/ikimisli.tr\/index.php\/wp-json\/wp\/v2\/posts"}],"about":[{"href":"https:\/\/ikimisli.tr\/index.php\/wp-json\/wp\/v2\/types\/post"}],"author":[{"embeddable":true,"href":"https:\/\/ikimisli.tr\/index.php\/wp-json\/wp\/v2\/users\/1"}],"replies":[{"embeddable":true,"href":"https:\/\/ikimisli.tr\/index.php\/wp-json\/wp\/v2\/comments?post=34452"}],"version-history":[{"count":1,"href":"https:\/\/ikimisli.tr\/index.php\/wp-json\/wp\/v2\/posts\/34452\/revisions"}],"predecessor-version":[{"id":34454,"href":"https:\/\/ikimisli.tr\/index.php\/wp-json\/wp\/v2\/posts\/34452\/revisions\/34454"}],"wp:featuredmedia":[{"embeddable":true,"href":"https:\/\/ikimisli.tr\/index.php\/wp-json\/wp\/v2\/media\/34453"}],"wp:attachment":[{"href":"https:\/\/ikimisli.tr\/index.php\/wp-json\/wp\/v2\/media?parent=34452"}],"wp:term":[{"taxonomy":"category","embeddable":true,"href":"https:\/\/ikimisli.tr\/index.php\/wp-json\/wp\/v2\/categories?post=34452"},{"taxonomy":"post_tag","embeddable":true,"href":"https:\/\/ikimisli.tr\/index.php\/wp-json\/wp\/v2\/tags?post=34452"}],"curies":[{"name":"wp","href":"https:\/\/api.w.org\/{rel}","templated":true}]}}