{"id":34550,"date":"2025-05-05T04:48:13","date_gmt":"2025-05-05T04:48:13","guid":{"rendered":"https:\/\/ikimisli.tr\/?p=34550"},"modified":"2025-05-05T04:48:13","modified_gmt":"2025-05-05T04:48:13","slug":"trumpin-tarifleri-cevreye-zarar-veriyor-coca-cola-daha-fazla-plastik-kullanacagini-acikladi","status":"publish","type":"post","link":"https:\/\/ikimisli.tr\/index.php\/2025\/05\/05\/trumpin-tarifleri-cevreye-zarar-veriyor-coca-cola-daha-fazla-plastik-kullanacagini-acikladi\/","title":{"rendered":"Trump&#8217;\u0131n tarifleri \u00e7evreye zarar veriyor: Coca Cola daha fazla plastik kullanaca\u011f\u0131n\u0131 a\u00e7\u0131klad\u0131"},"content":{"rendered":"<p>Trump&#8217;\u0131n, \u00e7elik ve al\u00fcminyum ithalat\u0131na y\u00f6nelik y\u00fczde 25 ithalat vergisi uygulanma karar\u0131 d\u00fcnyay\u0131 alt \u00fcst etti. \u00dclkeler Trump tarifelerine kar\u015f\u0131 misilleme yaparken, bir misilleme de Coca Cola&#8217;dan geldi.\u00a0\u00a0<\/p>\n<p>Coca Cola \u015firketinin \u00dcst Y\u00f6neticisi (CEO) James Quincey, yat\u0131r\u0131mc\u0131larla yapt\u0131\u011f\u0131 2024 k\u0131ymetlendirme toplant\u0131s\u0131nda, bahse ait a\u00e7\u0131klamalarda bulundu.<\/p>\n<p>Quincey, Trump&#8217;\u0131n \u00e7elik ve al\u00fcminyum ithalat\u0131na y\u00fczde 25 oran\u0131nda ithalat vergisi uygulanmas\u0131 kararnamesini imzalamas\u0131n\u0131n akabinde al\u00fcminyum kutular\u0131n maliyetlerinin artmas\u0131 ihtimaline kar\u015f\u0131 plastik \u015fi\u015feleri daha \u00e7ok kullanabileceklerini belirtti.<\/p>\n<p>Al\u00fcminyum fiyatlar\u0131ndaki y\u00fczde 25&#8217;lik art\u0131\u015f\u0131n genel \u00fcretim s\u00fcrecinde \u00f6nemli maliyetler do\u011furmayaca\u011f\u0131n\u0131 ve paketleme maliyetlerinin toplam maliyetlerin \u00e7ok k\u00fc\u00e7\u00fck bir k\u0131sm\u0131n\u0131 olu\u015fturdu\u011funu s\u00f6yleyen Quincey, &#8220;Bu durum tekrar de k\u0131ymetsiz de\u011fil lakin milyarlarca dolarl\u0131k ABD i\u015f hacmini k\u00f6kten de\u011fi\u015ftirmeyecek.&#8221; dedi.<\/p>\n<p>Quinsey, getirilen g\u00fcmr\u00fck vergisinin, \u00fcstesinden gelinebilir bir \u00f6l\u00e7\u00fc oldu\u011funu s\u00f6z ederek bu durumun alt\u0131ndan mecburen kalkmalar\u0131 gerekti\u011fini kaydetti.<\/p>\n<p>\u00d6te yandan, paketleme maliyetlerinin artmas\u0131 durumunda alternatif kanallara y\u00f6neleceklerini vurgulayan Quinsey, &#8220;\u00d6rne\u011fin, \u015fayet al\u00fcminyum kutular daha de\u011ferli hale gelirse plastik \u015fi\u015feleri daha fazla kullanabiliriz.&#8221; diye konu\u015ftu.<\/p>\n<p>Trump, d\u00fcn Oval Ofis&#8217;te d\u00fczenlenen merasimde, ABD&#8217;nin t\u00fcm \u00fclkelerden yapt\u0131\u011f\u0131 \u00e7elik ve al\u00fcminyum ithalat\u0131na istisnas\u0131z tarife uygulanmas\u0131n\u0131 \u00f6ng\u00f6ren iki kararnameye imza atm\u0131\u015ft\u0131.<\/p>\n","protected":false},"excerpt":{"rendered":"<p>Trump tan\u0131mlar\u0131yla yaln\u0131zca ticaret sava\u015f\u0131n\u0131 ba\u015flatmad\u0131 bununla bir arada etrafa ziyan veriyor.  Trump&#8217;\u0131n, \u00e7elik ve al\u00fcminyum ithalat\u0131na y\u00fczde 25 ithalat vergisi uygulanmas\u0131na y\u00f6nelik kararnameyi imzalamas\u0131n\u0131n akabinde Coca Cola, al\u00fcminyum kutular\u0131n maliyetinin artmas\u0131 halinde plastik \u015fi\u015fe kullan\u0131m\u0131n\u0131 art\u0131rabilece\u011fini bildirdi.<\/p>\n","protected":false},"author":1,"featured_media":34551,"comment_status":"open","ping_status":"open","sticky":false,"template":"","format":"standard","meta":{"footnotes":""},"categories":[24],"tags":[5554,1307,5589],"class_list":["post-34550","post","type-post","status-publish","format-standard","has-post-thumbnail","hentry","category-ekonomi","tag-aluminyum","tag-ithalat","tag-maliyetler"],"_links":{"self":[{"href":"https:\/\/ikimisli.tr\/index.php\/wp-json\/wp\/v2\/posts\/34550","targetHints":{"allow":["GET"]}}],"collection":[{"href":"https:\/\/ikimisli.tr\/index.php\/wp-json\/wp\/v2\/posts"}],"about":[{"href":"https:\/\/ikimisli.tr\/index.php\/wp-json\/wp\/v2\/types\/post"}],"author":[{"embeddable":true,"href":"https:\/\/ikimisli.tr\/index.php\/wp-json\/wp\/v2\/users\/1"}],"replies":[{"embeddable":true,"href":"https:\/\/ikimisli.tr\/index.php\/wp-json\/wp\/v2\/comments?post=34550"}],"version-history":[{"count":1,"href":"https:\/\/ikimisli.tr\/index.php\/wp-json\/wp\/v2\/posts\/34550\/revisions"}],"predecessor-version":[{"id":34552,"href":"https:\/\/ikimisli.tr\/index.php\/wp-json\/wp\/v2\/posts\/34550\/revisions\/34552"}],"wp:featuredmedia":[{"embeddable":true,"href":"https:\/\/ikimisli.tr\/index.php\/wp-json\/wp\/v2\/media\/34551"}],"wp:attachment":[{"href":"https:\/\/ikimisli.tr\/index.php\/wp-json\/wp\/v2\/media?parent=34550"}],"wp:term":[{"taxonomy":"category","embeddable":true,"href":"https:\/\/ikimisli.tr\/index.php\/wp-json\/wp\/v2\/categories?post=34550"},{"taxonomy":"post_tag","embeddable":true,"href":"https:\/\/ikimisli.tr\/index.php\/wp-json\/wp\/v2\/tags?post=34550"}],"curies":[{"name":"wp","href":"https:\/\/api.w.org\/{rel}","templated":true}]}}