{"id":34621,"date":"2025-05-05T08:24:23","date_gmt":"2025-05-05T08:24:23","guid":{"rendered":"https:\/\/ikimisli.tr\/?p=34621"},"modified":"2025-05-05T08:24:23","modified_gmt":"2025-05-05T08:24:23","slug":"market-hirsizliginda-pastel-boya-detayi-o-anlar-kamerada","status":"publish","type":"post","link":"https:\/\/ikimisli.tr\/index.php\/2025\/05\/05\/market-hirsizliginda-pastel-boya-detayi-o-anlar-kamerada\/","title":{"rendered":"Market h\u0131rs\u0131zl\u0131\u011f\u0131nda pastel boya detay\u0131: O anlar kamerada"},"content":{"rendered":"<p>Olay, ge\u00e7en y\u0131l 4 Ekim\u2019de ak\u015fam saatlerinde, K\u00fclt\u00fcr Mahallesi&#8217;ndeki bir zincir markette meydana geldi. Markete giden \u0130.D., bir m\u00fcddet dola\u015ft\u0131ktan sonra m\u00fc\u015fterilerin \u00e7\u0131kmas\u0131n\u0131n akabinde kasaya y\u00f6neldi. Ku\u015fkulu, elindeki b\u0131\u00e7akla kasiyeri tehdit etti, kasadaki paralar\u0131 gasbedip, ka\u00e7t\u0131. Ku\u015fkulu, olaydan 2 saat sonra \u0130l Emniyet M\u00fcd\u00fcrl\u00fc\u011f\u00fc Asayi\u015f \u015eube M\u00fcd\u00fcrl\u00fc\u011f\u00fc H\u0131rs\u0131zl\u0131k Ofis Amirli\u011fi tak\u0131mlar\u0131 taraf\u0131ndan yakalad\u0131. \u0130.D., sevk edildi\u011fi adliyede \u00e7\u0131kar\u0131ld\u0131\u011f\u0131 mahkeme taraf\u0131ndan tutukland\u0131. \u015e\u00fcphelinin paralar\u0131 gasbetti\u011fi anlar ise i\u015f yerinin g\u00fcvenlik kameras\u0131na yans\u0131d\u0131.<\/p>\n<p>\u0130.D. hakk\u0131nda Bolu 1\u2019inci A\u011f\u0131r Ceza Mahkemesi\u2019nde \u2018Cebir tehdit yahut hile kullanarak ki\u015fiyi h\u00fcrriyetinden mahrum k\u0131lma\u2019, \u2018Gece vakti silahla yol kesmek suretiyle ya da konutta, i\u015f yerinde yahut bunlar\u0131n eklentilerinde ya\u011fma\u2019 ve \u2018Mala ziyan verme\u2019 hatalar\u0131ndan dava a\u00e7\u0131ld\u0131. \u0130.D.\u2019nin \u00e7ald\u0131\u011f\u0131 paralar avukat\u0131 arac\u0131l\u0131\u011f\u0131yla markete \u00f6denmesi i\u00e7in isimli emanete teslim edildi. \u0130.D.\u2019nin tutuklulu\u011fu mesken hapsine \u00e7evrildi.<\/p>\n<p>\u0130.D. bug\u00fcn birinci defa hakim kar\u015f\u0131s\u0131na \u00e7\u0131kt\u0131. Duru\u015fmada san\u0131k \u0130.D.\u2019nin yan\u0131 s\u0131ra kasada b\u0131\u00e7akla tehdit etti\u011fi marketin kasiyeri D.\u0130. ile marketin m\u00fcd\u00fcr\u00fc S.\u00c7 de haz\u0131r bulundu. B\u0131\u00e7a\u011f\u0131 k\u0131rm\u0131z\u0131 pastel boyayla boyayarak, kanl\u0131 b\u0131\u00e7ak \u00fczere g\u00f6r\u00fcnmesini sa\u011flad\u0131\u011f\u0131n\u0131 s\u00f6yleyen \u0130.D., soygun an\u0131n\u0131 \u015f\u00f6yle anlatt\u0131:<\/p>\n<p>\u201cKasiyere kendilerine bir \u015fey yapmayaca\u011f\u0131m\u0131 s\u00f6yleyerek kasadaki paralar\u0131 vermesini istedim. Daha sonra kasiyer ile birlikte marketin ofis k\u0131sm\u0131na ge\u00e7tik, orada da para vard\u0131. Elimdeki b\u0131\u00e7akla ofisteki bilgisayarlar\u0131 b\u0131\u00e7aklayarak ziyan verdim. Ailemle maddi problemlerim vard\u0131. Psikoloji s\u0131k\u0131nt\u0131lar ya\u015f\u0131yordum. Yapt\u0131klar\u0131mdan \u00e7ok pi\u015fman\u0131m. Beraatimi istiyorum\u201d diye konu\u015ftu.<\/p>\n<p>Kasiyer D.\u0130. ise \u201cSessiz ol ve paralar\u0131 \u00e7\u0131kar\u2019 dedi. \u00c7ok korktum. Paralar\u0131 ald\u0131 ve sonra ofis k\u0131sm\u0131na g\u00f6t\u00fcrd\u00fc beni. Bir orta biz m\u00fcd\u00fcr\u00fcmle birlikte odadaki lavaboya ka\u00e7arak, i\u00e7eriden kendimizi kilitledik. \u015eikayet\u00e7iyim\u201d s\u00f6zlerini kulland\u0131.<\/p>\n<p>Market m\u00fcd\u00fcr\u00fc S.\u00c7 de \u015f\u00fcpheliden \u015fikayet\u00e7i oldu\u011funu s\u00f6yledi ve cezaland\u0131r\u0131lmas\u0131n\u0131 istedi.<\/p>\n<p>Mahkeme heyeti, belgedeki eksikliklerin giderilmesi i\u00e7in duru\u015fmay\u0131 erteledi.<\/p>\n","protected":false},"excerpt":{"rendered":"<p>Bolu\u2019da, gitti\u011fi zincir markette kasiyeri tehdit edip kasadaki paralar\u0131 gasbeden \u0130.D. (20) tutuksuz yarg\u0131land\u0131\u011f\u0131 davada, b\u0131\u00e7a\u011f\u0131 kanl\u0131 \u00fczere g\u00f6r\u00fcnmesi i\u00e7in evvelden k\u0131rm\u0131z\u0131 pastel boya ile boyad\u0131\u011f\u0131n\u0131 s\u00f6yledi.<\/p>\n","protected":false},"author":1,"featured_media":34622,"comment_status":"open","ping_status":"open","sticky":false,"template":"","format":"standard","meta":{"footnotes":""},"categories":[25],"tags":[2591,5598,535,5599],"class_list":["post-34621","post","type-post","status-publish","format-standard","has-post-thumbnail","hentry","category-gundem","tag-bicak","tag-kasiyer","tag-market","tag-paralari"],"_links":{"self":[{"href":"https:\/\/ikimisli.tr\/index.php\/wp-json\/wp\/v2\/posts\/34621","targetHints":{"allow":["GET"]}}],"collection":[{"href":"https:\/\/ikimisli.tr\/index.php\/wp-json\/wp\/v2\/posts"}],"about":[{"href":"https:\/\/ikimisli.tr\/index.php\/wp-json\/wp\/v2\/types\/post"}],"author":[{"embeddable":true,"href":"https:\/\/ikimisli.tr\/index.php\/wp-json\/wp\/v2\/users\/1"}],"replies":[{"embeddable":true,"href":"https:\/\/ikimisli.tr\/index.php\/wp-json\/wp\/v2\/comments?post=34621"}],"version-history":[{"count":1,"href":"https:\/\/ikimisli.tr\/index.php\/wp-json\/wp\/v2\/posts\/34621\/revisions"}],"predecessor-version":[{"id":34623,"href":"https:\/\/ikimisli.tr\/index.php\/wp-json\/wp\/v2\/posts\/34621\/revisions\/34623"}],"wp:featuredmedia":[{"embeddable":true,"href":"https:\/\/ikimisli.tr\/index.php\/wp-json\/wp\/v2\/media\/34622"}],"wp:attachment":[{"href":"https:\/\/ikimisli.tr\/index.php\/wp-json\/wp\/v2\/media?parent=34621"}],"wp:term":[{"taxonomy":"category","embeddable":true,"href":"https:\/\/ikimisli.tr\/index.php\/wp-json\/wp\/v2\/categories?post=34621"},{"taxonomy":"post_tag","embeddable":true,"href":"https:\/\/ikimisli.tr\/index.php\/wp-json\/wp\/v2\/tags?post=34621"}],"curies":[{"name":"wp","href":"https:\/\/api.w.org\/{rel}","templated":true}]}}