{"id":34699,"date":"2025-05-05T12:48:18","date_gmt":"2025-05-05T12:48:18","guid":{"rendered":"https:\/\/ikimisli.tr\/?p=34699"},"modified":"2025-05-05T12:48:18","modified_gmt":"2025-05-05T12:48:18","slug":"izmirde-cesedi-denizde-bulunmustu-dusme-ani-ortaya-cikti","status":"publish","type":"post","link":"https:\/\/ikimisli.tr\/index.php\/2025\/05\/05\/izmirde-cesedi-denizde-bulunmustu-dusme-ani-ortaya-cikti\/","title":{"rendered":"\u0130zmir&#8217;de cesedi denizde bulunmu\u015ftu: D\u00fc\u015fme an\u0131 ortaya \u00e7\u0131kt\u0131"},"content":{"rendered":"<p>\u0130zmir&#8217;in Konak il\u00e7esi Alsancak kordon uzunlu\u011funda, d\u00fcn gece saatlerinde denizde bo\u011fularak hayat\u0131n\u0131 kaybetti\u011fi belirlenen H\u00fcseyin Etli&#8217;nin (44), \u0130zmir \u0130simli T\u0131p Kurumu&#8217;ndaki otopsi s\u00fcre\u00e7leri s\u00fcr\u00fcyor.<\/p>\n<p>\u00d6te yandan Etli&#8217;nin denize d\u00fc\u015ft\u00fc\u011f\u00fc anlara ili\u015fkin g\u00fcvenlik kameras\u0131 kay\u0131tlar\u0131 ortaya \u00e7\u0131kt\u0131.<\/p>\n<p>G\u00f6r\u00fcnt\u00fclerde Etli&#8217;nin, k\u0131y\u0131ya hakikat y\u00fcr\u00fcd\u00fc\u011f\u00fc ve denize d\u00fc\u015ft\u00fc\u011f\u00fc anlar yer al\u0131yor.<\/p>\n<p>Alsancak kordon uzunlu\u011funda, denizde bir ki\u015finin hareketsiz oldu\u011funu g\u00f6renler durumu 112 Acil Davet Merkezi&#8217;ne bildirmi\u015f, deniz polisi taraf\u0131ndan sudan \u00e7\u0131kar\u0131lan H\u00fcseyin Etli&#8217;nin hayat\u0131n\u0131 kaybetti\u011fi belirlenmi\u015fti.<\/p>\n","protected":false},"excerpt":{"rendered":"<p>\u0130zmir&#8217;de cesedi denizden \u00e7\u0131kar\u0131lan 44 ya\u015f\u0131ndaki H\u00fcseyin Etli&#8217;nin d\u00fc\u015fme an\u0131n\u0131n imajlar\u0131 ortaya \u00e7\u0131kt\u0131.<\/p>\n","protected":false},"author":1,"featured_media":34700,"comment_status":"open","ping_status":"open","sticky":false,"template":"","format":"standard","meta":{"footnotes":""},"categories":[25],"tags":[105],"class_list":["post-34699","post","type-post","status-publish","format-standard","has-post-thumbnail","hentry","category-gundem","tag-deniz"],"_links":{"self":[{"href":"https:\/\/ikimisli.tr\/index.php\/wp-json\/wp\/v2\/posts\/34699","targetHints":{"allow":["GET"]}}],"collection":[{"href":"https:\/\/ikimisli.tr\/index.php\/wp-json\/wp\/v2\/posts"}],"about":[{"href":"https:\/\/ikimisli.tr\/index.php\/wp-json\/wp\/v2\/types\/post"}],"author":[{"embeddable":true,"href":"https:\/\/ikimisli.tr\/index.php\/wp-json\/wp\/v2\/users\/1"}],"replies":[{"embeddable":true,"href":"https:\/\/ikimisli.tr\/index.php\/wp-json\/wp\/v2\/comments?post=34699"}],"version-history":[{"count":1,"href":"https:\/\/ikimisli.tr\/index.php\/wp-json\/wp\/v2\/posts\/34699\/revisions"}],"predecessor-version":[{"id":34701,"href":"https:\/\/ikimisli.tr\/index.php\/wp-json\/wp\/v2\/posts\/34699\/revisions\/34701"}],"wp:featuredmedia":[{"embeddable":true,"href":"https:\/\/ikimisli.tr\/index.php\/wp-json\/wp\/v2\/media\/34700"}],"wp:attachment":[{"href":"https:\/\/ikimisli.tr\/index.php\/wp-json\/wp\/v2\/media?parent=34699"}],"wp:term":[{"taxonomy":"category","embeddable":true,"href":"https:\/\/ikimisli.tr\/index.php\/wp-json\/wp\/v2\/categories?post=34699"},{"taxonomy":"post_tag","embeddable":true,"href":"https:\/\/ikimisli.tr\/index.php\/wp-json\/wp\/v2\/tags?post=34699"}],"curies":[{"name":"wp","href":"https:\/\/api.w.org\/{rel}","templated":true}]}}