{"id":34827,"date":"2025-05-05T20:48:18","date_gmt":"2025-05-05T20:48:18","guid":{"rendered":"https:\/\/ikimisli.tr\/?p=34827"},"modified":"2025-05-05T20:48:18","modified_gmt":"2025-05-05T20:48:18","slug":"erzincanda-tir-dorsesinden-18-duzensiz-gocmen-cikti","status":"publish","type":"post","link":"https:\/\/ikimisli.tr\/index.php\/2025\/05\/05\/erzincanda-tir-dorsesinden-18-duzensiz-gocmen-cikti\/","title":{"rendered":"Erzincan&#8217;da t\u0131r dorsesinden 18 d\u00fczensiz g\u00f6\u00e7men \u00e7\u0131kt\u0131"},"content":{"rendered":"<p>Erzincan Vilayet Emniyet M\u00fcd\u00fcrl\u00fc\u011f\u00fcn\u00fcn toplumsal medya hesaplar\u0131ndan yap\u0131lan payla\u015f\u0131mda, G\u00f6\u00e7men Ka\u00e7ak\u00e7\u0131l\u0131\u011f\u0131yla Gayret ve Hudut Kap\u0131lar\u0131 \u015eubesi gruplar\u0131, g\u00f6\u00e7men ka\u00e7ak\u00e7\u0131l\u0131\u011f\u0131n\u0131n \u00f6nlenmesine y\u00f6nelik \u00e7al\u0131\u015fmalar kapsam\u0131nda, uygulama noktas\u0131nda bir t\u0131r\u0131 durdurarak arama yapt\u0131.<\/p>\n<p><b>AFGAN\u0130STAN ASILLI 18 S\u0130STEMS\u0130Z G\u00d6\u00c7MEN \u00c7IKTI<\/b><\/p>\n<p>Aramada, t\u0131r\u0131n dorse k\u0131sm\u0131nda \u00fclkeye yasa d\u0131\u015f\u0131 yollardan girdi\u011fi tespit edilen Afganistan as\u0131ll\u0131 18 sistemsiz g\u00f6\u00e7men yakaland\u0131.<\/p>\n<p>Olaya ait g\u00f6\u00e7men ka\u00e7ak\u00e7\u0131l\u0131\u011f\u0131 yapt\u0131\u011f\u0131 arg\u00fcman\u0131yla g\u00f6zalt\u0131na al\u0131nan \u015e.T. emniyetteki s\u00fcre\u00e7lerinin akabinde sevk edildi\u011fi adliyede \u00e7\u0131kar\u0131ld\u0131\u011f\u0131 hakimlik\u00e7e tutukland\u0131.<\/p>\n<p>D\u00fczensiz g\u00f6\u00e7menler, geri g\u00f6nderme merkezine sevk edilmek \u00fczere Vilayet G\u00f6\u00e7 Y\u00f6netimi M\u00fcd\u00fcrl\u00fc\u011f\u00fcne teslim edildi.<\/p>\n","protected":false},"excerpt":{"rendered":"<p>Erzincan&#8217;da t\u0131r dorsesinde, yasa d\u0131\u015f\u0131 yollarla yurda girdi\u011fi belirlenen 18 sistemsiz g\u00f6\u00e7men yakaland\u0131.<\/p>\n","protected":false},"author":1,"featured_media":34828,"comment_status":"open","ping_status":"open","sticky":false,"template":"","format":"standard","meta":{"footnotes":""},"categories":[25],"tags":[1543],"class_list":["post-34827","post","type-post","status-publish","format-standard","has-post-thumbnail","hentry","category-gundem","tag-gocmen"],"_links":{"self":[{"href":"https:\/\/ikimisli.tr\/index.php\/wp-json\/wp\/v2\/posts\/34827","targetHints":{"allow":["GET"]}}],"collection":[{"href":"https:\/\/ikimisli.tr\/index.php\/wp-json\/wp\/v2\/posts"}],"about":[{"href":"https:\/\/ikimisli.tr\/index.php\/wp-json\/wp\/v2\/types\/post"}],"author":[{"embeddable":true,"href":"https:\/\/ikimisli.tr\/index.php\/wp-json\/wp\/v2\/users\/1"}],"replies":[{"embeddable":true,"href":"https:\/\/ikimisli.tr\/index.php\/wp-json\/wp\/v2\/comments?post=34827"}],"version-history":[{"count":1,"href":"https:\/\/ikimisli.tr\/index.php\/wp-json\/wp\/v2\/posts\/34827\/revisions"}],"predecessor-version":[{"id":34829,"href":"https:\/\/ikimisli.tr\/index.php\/wp-json\/wp\/v2\/posts\/34827\/revisions\/34829"}],"wp:featuredmedia":[{"embeddable":true,"href":"https:\/\/ikimisli.tr\/index.php\/wp-json\/wp\/v2\/media\/34828"}],"wp:attachment":[{"href":"https:\/\/ikimisli.tr\/index.php\/wp-json\/wp\/v2\/media?parent=34827"}],"wp:term":[{"taxonomy":"category","embeddable":true,"href":"https:\/\/ikimisli.tr\/index.php\/wp-json\/wp\/v2\/categories?post=34827"},{"taxonomy":"post_tag","embeddable":true,"href":"https:\/\/ikimisli.tr\/index.php\/wp-json\/wp\/v2\/tags?post=34827"}],"curies":[{"name":"wp","href":"https:\/\/api.w.org\/{rel}","templated":true}]}}