{"id":3499,"date":"2025-01-13T05:00:42","date_gmt":"2025-01-13T05:00:42","guid":{"rendered":"https:\/\/ikimisli.tr\/?p=3499"},"modified":"2025-01-13T05:00:42","modified_gmt":"2025-01-13T05:00:42","slug":"akpden-en-dusuk-emekli-maasi-aciklamasi-teklifi-meclise-getirecegiz","status":"publish","type":"post","link":"https:\/\/ikimisli.tr\/index.php\/2025\/01\/13\/akpden-en-dusuk-emekli-maasi-aciklamasi-teklifi-meclise-getirecegiz\/","title":{"rendered":"AKP&#8217;den en d\u00fc\u015f\u00fck emekli maa\u015f\u0131 a\u00e7\u0131klamas\u0131: Teklifi Meclis&#8217;e getirece\u011fiz"},"content":{"rendered":"<p>2025 i\u00e7in taban fiyat 22 bin 104, alt\u0131 ayl\u0131k ikinci enflasyonla birlikte en d\u00fc\u015f\u00fck emekli maa\u015f\u0131 ise 14 bin 469 lira oldu.<\/p>\n<p>Beklentilerin alt\u0131nda kalan art\u0131r\u0131mlar\u0131n akabinde vatanda\u015f &#8216;ek art\u0131\u015f&#8217; beklerken Cumhurba\u015fkan\u0131 Recep Tayyip Erdo\u011fan ve ilgili bakanlardan &#8216;sevindirici&#8217; a\u00e7\u0131klama gelmedi.<\/p>\n<p>H\u00fck\u00fcmet minimum fiyat ve emekli maa\u015f\u0131 g\u00fcndemini kapat\u0131rken AKP K\u00fcme Ba\u015fkanvekili Muhammet Emin Akba\u015fo\u011flu&#8217;ndan taban fiyat ve emekli maa\u015f\u0131na ait a\u00e7\u0131klama geldi.<\/p>\n<p>TBMM Genel Konseyi&#8217;nde konu\u015fan AKP&#8217;li Akba\u015fo\u011flu, minimum fiyatta patrona y\u00f6nelik dayana\u011f\u0131n bin liraya \u00e7\u0131kar\u0131lmas\u0131na ait d\u00fczenlemeyi yapt\u0131klar\u0131n\u0131 s\u00f6yledi.<\/p>\n<p><img decoding=\"async\" src=\"https:\/\/ikimisli.tr\/wp-content\/uploads\/2025\/01\/akpden-en-dusuk-emekli-maasi-aciklamasi-teklifi-meclise-getirecegiz-0-L1MRnT8u.jpg\"\/><\/p>\n<p>Emekli maa\u015f\u0131 i\u00e7in de haziran ay\u0131n\u0131 i\u015faret eden Akba\u015fo\u011flu, &#8220;En d\u00fc\u015f\u00fck emekli maa\u015f\u0131n\u0131n SSK ve BA\u011e-KUR emeklileriyle ilgili enflasyon oran\u0131nda art\u0131r\u0131lmas\u0131na ait, daha \u00fcstten, alt\u0131 ayl\u0131k olarak, alt\u0131 ayl\u0131k fark\u0131 en \u00fcst noktadan alarak bu hususla ilgili d\u00fczenlemeyi in\u015fallah biz teklif olarak getirece\u011fiz&#8221; diye konu\u015ftu.<\/p>\n<p><b>&#8216;H\u00dcK\u00dcMET ORTA BULUCU&#8217;<\/b><\/p>\n<p>Muhalefetin &#8216;enflasyon&#8217; hat\u0131rlatmas\u0131n\u0131 duymazdan gelen Akba\u015fo\u011flu, taban fiyatta h\u00fck\u00fcmetin rol\u00fcn\u00fcn &#8216;ara buluculuk&#8217; oldu\u011funu savundu.<\/p>\n<p>Akba\u015fo\u011flu \u015funlar\u0131 s\u00f6yledi:<\/p>\n<p>&#8220;Ayn\u0131 vakitte minimum fiyat \u015fu demek: Minimum fiyat\u0131n belirlenmesi, patron ve personel sendikalar\u0131n\u0131n kendi ortalar\u0131ndaki g\u00f6r\u00fc\u015fmelerine h\u00fck\u00fcmet olarak orta buluculuk vazifesi \u00e7er\u00e7evesinde&#8230;<\/p>\n<p>*Ara buluculuk noktas\u0131nda personel ve patron sendikalar\u0131n\u0131n bir noktada bulu\u015fmalar\u0131na ait, orada orta bulucu rol\u00fcnde olan h\u00fck\u00fcmetimiz en d\u00fc\u015f\u00fck minimum fiyat\u0131 belirleme noktas\u0131nda bir konsens\u00fcse varmalar\u0131na vesile oldu.<\/p>\n<p>*Bu \u015fu demek: Taban fiyat; bu fiyat\u0131n, bu fiyat\u0131n a\u015fa\u011f\u0131s\u0131nda kimse \u00e7al\u0131\u015ft\u0131r\u0131lamaz demek. Bunun \u00fcst\u00fcnde \u00e7al\u0131\u015f\u0131labilme imkan\u0131n\u0131 elde etmek demek. Bunu da yerli yerine belirlemek gerekiyor. Bu konuda da Meclisimizin, takdirine bu tekliflerimizi sunaca\u011f\u0131m\u0131z\u0131 bildiriyorum.&#8221;<\/p>\n","protected":false},"excerpt":{"rendered":"<p>Meclis&#8217;te konu\u015fan AKP&#8217;li Muhammet Emin Akba\u015fo\u011flu, en d\u00fc\u015f\u00fck emekli maa\u015f\u0131n\u0131n enflasyon oran\u0131nda art\u0131r\u0131lmas\u0131na ait d\u00fczenlemeyi teklif olarak sunacaklar\u0131n\u0131 a\u00e7\u0131klad\u0131. Akba\u015fo\u011flu, taban fiyat belirlenmesinde ise h\u00fck\u00fcmetin personel ve patron ortas\u0131nda yaln\u0131zca &#8216;ara bulucu&#8217; oldu\u011funu savundu.<\/p>\n","protected":false},"author":1,"featured_media":3500,"comment_status":"open","ping_status":"open","sticky":false,"template":"","format":"standard","meta":{"footnotes":""},"categories":[25],"tags":[940,943,939,942,941],"class_list":["post-3499","post","type-post","status-publish","format-standard","has-post-thumbnail","hentry","category-gundem","tag-akbasoglu","tag-ara-bulucu","tag-asgari-ucret","tag-emekli-maasi","tag-hukumet"],"_links":{"self":[{"href":"https:\/\/ikimisli.tr\/index.php\/wp-json\/wp\/v2\/posts\/3499","targetHints":{"allow":["GET"]}}],"collection":[{"href":"https:\/\/ikimisli.tr\/index.php\/wp-json\/wp\/v2\/posts"}],"about":[{"href":"https:\/\/ikimisli.tr\/index.php\/wp-json\/wp\/v2\/types\/post"}],"author":[{"embeddable":true,"href":"https:\/\/ikimisli.tr\/index.php\/wp-json\/wp\/v2\/users\/1"}],"replies":[{"embeddable":true,"href":"https:\/\/ikimisli.tr\/index.php\/wp-json\/wp\/v2\/comments?post=3499"}],"version-history":[{"count":1,"href":"https:\/\/ikimisli.tr\/index.php\/wp-json\/wp\/v2\/posts\/3499\/revisions"}],"predecessor-version":[{"id":3502,"href":"https:\/\/ikimisli.tr\/index.php\/wp-json\/wp\/v2\/posts\/3499\/revisions\/3502"}],"wp:featuredmedia":[{"embeddable":true,"href":"https:\/\/ikimisli.tr\/index.php\/wp-json\/wp\/v2\/media\/3500"}],"wp:attachment":[{"href":"https:\/\/ikimisli.tr\/index.php\/wp-json\/wp\/v2\/media?parent=3499"}],"wp:term":[{"taxonomy":"category","embeddable":true,"href":"https:\/\/ikimisli.tr\/index.php\/wp-json\/wp\/v2\/categories?post=3499"},{"taxonomy":"post_tag","embeddable":true,"href":"https:\/\/ikimisli.tr\/index.php\/wp-json\/wp\/v2\/tags?post=3499"}],"curies":[{"name":"wp","href":"https:\/\/api.w.org\/{rel}","templated":true}]}}