{"id":35021,"date":"2025-05-06T08:12:33","date_gmt":"2025-05-06T08:12:33","guid":{"rendered":"https:\/\/ikimisli.tr\/?p=35021"},"modified":"2025-05-06T08:12:33","modified_gmt":"2025-05-06T08:12:33","slug":"cumhurbaskani-erdogan-pakistanda","status":"publish","type":"post","link":"https:\/\/ikimisli.tr\/index.php\/2025\/05\/06\/cumhurbaskani-erdogan-pakistanda\/","title":{"rendered":"Cumhurba\u015fkan\u0131 Erdo\u011fan, Pakistan&#8217;da"},"content":{"rendered":"<p>Cumhurba\u015fkan\u0131 Recep Tayyip Erdo\u011fan&#8217;\u0131, \u0130slamabad I\u015f\u0131k Khan Hava \u00dcss\u00fc&#8217;nde, Pakistan Cumhurba\u015fkan\u0131 Asif Ali Zerdari, Pakistan Ba\u015fbakan\u0131 \u015eahbaz \u015eerif, Pakistan Ba\u015fbakan Yard\u0131mc\u0131s\u0131 ve D\u0131\u015fi\u015fleri Bakan\u0131 Senat\u00f6r Mohammad Ishaq Dar, Pakistan Savunma Bakan\u0131 Khawaja Asif, Pakistan Cumhurba\u015fkan\u0131 Zerdari&#8217;nin k\u0131z\u0131 Aseefa Bhutto Zerdari, T\u00fcrkiye&#8217;nin \u0130slamabad B\u00fcy\u00fckel\u00e7isi \u0130rfan Neziro\u011flu ve e\u015fi Emine Neziro\u011flu ile \u00f6teki yetkililer kar\u015f\u0131lad\u0131.<\/p>\n<p>Cumhurba\u015fkan\u0131 Erdo\u011fan ile e\u015fi Emine Erdo\u011fan, D\u0131\u015fi\u015fleri Bakan\u0131 Hakan Fidan, Enerji ve Tabii Kaynaklar Bakan\u0131 Alparslan Bayraktar, Milli Savunma Bakan\u0131 Ya\u015far G\u00fcler, Sanayi ve Teknoloji Bakan\u0131 Mehmet Fatih Kac\u0131r, Tar\u0131m ve Orman Bakan\u0131 \u0130brahim Yumakl\u0131, Ticaret Bakan\u0131 \u00d6mer Bolat, Cumhurba\u015fkanl\u0131\u011f\u0131 Savunma Sanayii Ba\u015fkan\u0131 Haluk G\u00f6rg\u00fcn, T\u00fcrk Devletleri Te\u015fkilat\u0131 Aksakallar Konseyi Ba\u015fkan\u0131 Binali Y\u0131ld\u0131r\u0131m, Cumhurba\u015fkanl\u0131\u011f\u0131 Ba\u011flant\u0131 Lideri Fahrettin Altun, Cumhurba\u015fkanl\u0131\u011f\u0131 \u00d6zel Kalem M\u00fcd\u00fcr\u00fc Hasan Do\u011fan ile Cumhurba\u015fkan\u0131 D\u0131\u015f Siyaset ve G\u00fcvenlik Ba\u015fdan\u0131\u015fman\u0131 Akif \u00c7a\u011fatay K\u0131l\u0131\u00e7 da Pakistan&#8217;a geldi.<\/p>\n<p>Ba\u015fbakanl\u0131k binas\u0131nda yar\u0131n Pakistan Ba\u015fbakan\u0131 \u015eerif ile ikili g\u00f6r\u00fc\u015fme ger\u00e7ekle\u015ftirmesi beklenen Cumhurba\u015fkan\u0131 Erdo\u011fan&#8217;\u0131n, Y\u00fcksek Seviyeli Stratejik \u0130\u015fbirli\u011fi Kurulu Yedinci Toplant\u0131s\u0131&#8217;na kat\u0131lmas\u0131 \u00f6ng\u00f6r\u00fcl\u00fcyor.<\/p>\n<p><img decoding=\"async\" src=\"https:\/\/ikimisli.tr\/wp-content\/uploads\/2025\/05\/cumhurbaskani-erdogan-pakistanda-0-OunBbLwZ.jpg\"\/><\/p>\n<p>Cumhurba\u015fkan\u0131 Erdo\u011fan&#8217;\u0131n, \u015eerif ile muahedeler i\u00e7in yap\u0131lacak imza merasimine ve ortak bas\u0131n toplant\u0131s\u0131na kat\u0131lmas\u0131 planlan\u0131yor.<\/p>\n<p><img decoding=\"async\" src=\"https:\/\/ikimisli.tr\/wp-content\/uploads\/2025\/05\/cumhurbaskani-erdogan-pakistanda-1-SsnJxANl.jpg\"\/><\/p>\n<p>T\u00fcrkiye-Pakistan \u0130\u015f Forumu&#8217;na kat\u0131lacak Cumhurba\u015fkan\u0131 Erdo\u011fan&#8217;\u0131n, Pakistan Cumhurba\u015fkan\u0131 Zerdari ile Cumhurba\u015fkanl\u0131\u011f\u0131 binas\u0131nda ikili g\u00f6r\u00fc\u015fme ger\u00e7ekle\u015ftirmesi \u00f6ng\u00f6r\u00fcl\u00fcyor.<\/p>\n","protected":false},"excerpt":{"rendered":"<p>Cumhurba\u015fkan\u0131 Erdo\u011fan, resmi temaslarda bulunmak \u00fczere Pakistan&#8217;\u0131n ba\u015f\u015fehri \u0130slamabad&#8217;a geldi.<\/p>\n","protected":false},"author":1,"featured_media":35022,"comment_status":"open","ping_status":"open","sticky":false,"template":"","format":"standard","meta":{"footnotes":""},"categories":[25],"tags":[1131,306,3836],"class_list":["post-35021","post","type-post","status-publish","format-standard","has-post-thumbnail","hentry","category-gundem","tag-cumhurbaskani","tag-erdogan","tag-pakistan"],"_links":{"self":[{"href":"https:\/\/ikimisli.tr\/index.php\/wp-json\/wp\/v2\/posts\/35021","targetHints":{"allow":["GET"]}}],"collection":[{"href":"https:\/\/ikimisli.tr\/index.php\/wp-json\/wp\/v2\/posts"}],"about":[{"href":"https:\/\/ikimisli.tr\/index.php\/wp-json\/wp\/v2\/types\/post"}],"author":[{"embeddable":true,"href":"https:\/\/ikimisli.tr\/index.php\/wp-json\/wp\/v2\/users\/1"}],"replies":[{"embeddable":true,"href":"https:\/\/ikimisli.tr\/index.php\/wp-json\/wp\/v2\/comments?post=35021"}],"version-history":[{"count":1,"href":"https:\/\/ikimisli.tr\/index.php\/wp-json\/wp\/v2\/posts\/35021\/revisions"}],"predecessor-version":[{"id":35025,"href":"https:\/\/ikimisli.tr\/index.php\/wp-json\/wp\/v2\/posts\/35021\/revisions\/35025"}],"wp:featuredmedia":[{"embeddable":true,"href":"https:\/\/ikimisli.tr\/index.php\/wp-json\/wp\/v2\/media\/35022"}],"wp:attachment":[{"href":"https:\/\/ikimisli.tr\/index.php\/wp-json\/wp\/v2\/media?parent=35021"}],"wp:term":[{"taxonomy":"category","embeddable":true,"href":"https:\/\/ikimisli.tr\/index.php\/wp-json\/wp\/v2\/categories?post=35021"},{"taxonomy":"post_tag","embeddable":true,"href":"https:\/\/ikimisli.tr\/index.php\/wp-json\/wp\/v2\/tags?post=35021"}],"curies":[{"name":"wp","href":"https:\/\/api.w.org\/{rel}","templated":true}]}}