{"id":35026,"date":"2025-05-06T08:24:14","date_gmt":"2025-05-06T08:24:14","guid":{"rendered":"https:\/\/ikimisli.tr\/?p=35026"},"modified":"2025-05-06T08:24:14","modified_gmt":"2025-05-06T08:24:14","slug":"servet-cetin-en-buyuk-sikintimiz-zemin-insan-sagligi-artik","status":"publish","type":"post","link":"https:\/\/ikimisli.tr\/index.php\/2025\/05\/06\/servet-cetin-en-buyuk-sikintimiz-zemin-insan-sagligi-artik\/","title":{"rendered":"Servet \u00c7etin: En b\u00fcy\u00fck s\u0131k\u0131nt\u0131m\u0131z zemin, insan sa\u011fl\u0131\u011f\u0131 art\u0131k"},"content":{"rendered":"<p>Trendyol 1. Lig&#8217;in 24. haftas\u0131nda konuk etti\u011fi Teks\u00fct Band\u0131rmaspor&#8217;u 2-1 yenen Amed Sportif Faaliyetler&#8217;in teknik y\u00f6neticisi Servet \u00c7etin, ma\u00e7\u0131n akabinde d\u00fczenlenen bas\u0131n toplant\u0131s\u0131nda konu\u015ftu.<\/p>\n<p>Saha yeri ile ilgili sorun ya\u015fad\u0131klar\u0131n\u0131 lisana getiren \u00c7etin, \u015funlar\u0131 s\u00f6yledi:<\/p>\n<p>&#8220;Oyuncu sakatl\u0131klar\u0131ndan b\u0131kt\u0131k. Bu d\u00f6rd\u00fcnc\u00fc ma\u00e7 oluyor. Birinci yar\u0131da oyuncu de\u011fi\u015ftiriyoruz. Hakk\u0131m bitiyor. Oyuncu kalmad\u0131. \u00c7ok de\u011ferli bir galibiyet ald\u0131k lakin ben Bolu ma\u00e7\u0131nda hangi oyuncular\u0131 oynat\u0131r\u0131m, onu d\u00fc\u015f\u00fcn\u00fcyorum. En b\u00fcy\u00fck d\u00fc\u015f\u00fcncemiz taban, insan s\u0131hhati art\u0131k.&#8221;\u00a0<\/p>\n<p>Servet \u00c7etin, kadroda vazifeye ba\u015flad\u0131\u011f\u0131 g\u00fcnden bu yana \u00e7e\u015fitli meselelerle kar\u015f\u0131la\u015ft\u0131klar\u0131na dikkati \u00e7ekerek, &#8220;Sahayla, transferlerle ve eksik tak\u0131mla u\u011fra\u015f\u0131yoruz. Morali bozulmu\u015f, \u00e7\u00f6km\u00fc\u015f bir grubu ald\u0131k, onu toparlamakla u\u011fra\u015f\u0131yoruz. Bug\u00fcn 3 puan alm\u0131\u015f\u0131z. Kimi be\u015ferler farkl\u0131 farkl\u0131 yorumlar yap\u0131yorlar. Evvel \u015fu alan\u0131m\u0131z\u0131 d\u00fczeltmeye yard\u0131mc\u0131 olsunlar. \u0130nsan s\u0131hhati art\u0131k gidiyor, oyuncular\u0131 kaybediyoruz.&#8221; s\u00f6zlerini kulland\u0131.<\/p>\n<p><b>Teks\u00fct Band\u0131rmaspor cephesi<\/b><\/p>\n<p>Teks\u00fct Band\u0131rmaspor Teknik Y\u00f6neticisi Mustafa G\u00fcrsel de Diyarbak\u0131r&#8217;da birinci sefer futbol oynad\u0131klar\u0131n\u0131 kaydetti.<\/p>\n<p>G\u00fcrsel, &#8220;Oyuncular\u0131m\u0131 tebrik ediyorum. Ellerinden gelen \u00e7abay\u0131 g\u00f6sterdiler. Buradan puanla d\u00f6nmemiz gerekiyordu. Yani bu gayretin sonunda 1 puan yahut 3 puan olmas\u0131 laz\u0131md\u0131, olmad\u0131. Fakat dedi\u011fim \u00fczere bu kaideler (saha zemini) d\u00fczelmedikten sonra futbol ismine fazla konu\u015fulacak bir \u015fey yok.&#8221; de\u011ferlendirmesinde bulundu.<\/p>\n","protected":false},"excerpt":{"rendered":"<p>Amed Sportif Faaliyetler Teknik Y\u00f6neticisi Servet \u00c7etin, Band\u0131rmaspor ma\u00e7\u0131n\u0131n akabinde yapt\u0131\u011f\u0131 a\u00e7\u0131klamada &#8220;\u00c7ok de\u011ferli bir galibiyet ald\u0131k lakin ben Bolu ma\u00e7\u0131nda hangi oyuncular\u0131 oynat\u0131r\u0131m, onu d\u00fc\u015f\u00fcn\u00fcyorum. En b\u00fcy\u00fck derdimiz yer, insan s\u0131hhati art\u0131k&#8221; dedi.<\/p>\n","protected":false},"author":1,"featured_media":35027,"comment_status":"open","ping_status":"open","sticky":false,"template":"","format":"standard","meta":{"footnotes":""},"categories":[30],"tags":[319],"class_list":["post-35026","post","type-post","status-publish","format-standard","has-post-thumbnail","hentry","category-spor","tag-oyuncu"],"_links":{"self":[{"href":"https:\/\/ikimisli.tr\/index.php\/wp-json\/wp\/v2\/posts\/35026","targetHints":{"allow":["GET"]}}],"collection":[{"href":"https:\/\/ikimisli.tr\/index.php\/wp-json\/wp\/v2\/posts"}],"about":[{"href":"https:\/\/ikimisli.tr\/index.php\/wp-json\/wp\/v2\/types\/post"}],"author":[{"embeddable":true,"href":"https:\/\/ikimisli.tr\/index.php\/wp-json\/wp\/v2\/users\/1"}],"replies":[{"embeddable":true,"href":"https:\/\/ikimisli.tr\/index.php\/wp-json\/wp\/v2\/comments?post=35026"}],"version-history":[{"count":1,"href":"https:\/\/ikimisli.tr\/index.php\/wp-json\/wp\/v2\/posts\/35026\/revisions"}],"predecessor-version":[{"id":35028,"href":"https:\/\/ikimisli.tr\/index.php\/wp-json\/wp\/v2\/posts\/35026\/revisions\/35028"}],"wp:featuredmedia":[{"embeddable":true,"href":"https:\/\/ikimisli.tr\/index.php\/wp-json\/wp\/v2\/media\/35027"}],"wp:attachment":[{"href":"https:\/\/ikimisli.tr\/index.php\/wp-json\/wp\/v2\/media?parent=35026"}],"wp:term":[{"taxonomy":"category","embeddable":true,"href":"https:\/\/ikimisli.tr\/index.php\/wp-json\/wp\/v2\/categories?post=35026"},{"taxonomy":"post_tag","embeddable":true,"href":"https:\/\/ikimisli.tr\/index.php\/wp-json\/wp\/v2\/tags?post=35026"}],"curies":[{"name":"wp","href":"https:\/\/api.w.org\/{rel}","templated":true}]}}