{"id":35056,"date":"2025-05-06T10:00:16","date_gmt":"2025-05-06T10:00:16","guid":{"rendered":"https:\/\/ikimisli.tr\/?p=35056"},"modified":"2025-05-06T10:00:16","modified_gmt":"2025-05-06T10:00:16","slug":"enisteye-gise-kiyagi","status":"publish","type":"post","link":"https:\/\/ikimisli.tr\/index.php\/2025\/05\/06\/enisteye-gise-kiyagi\/","title":{"rendered":"Eni\u015fteye gi\u015fe k\u0131ya\u011f\u0131"},"content":{"rendered":"<p>CHP\u0130stanbul Milletvekili O\u011fuz Kaan Sal\u0131c\u0131\u2019dan, K\u00fclt\u00fcr ve Turizm Bakan\u0131 Mehmet Nuri Ersoy hakk\u0131nda \u00e7arp\u0131c\u0131 arg\u00fcman&#8230;  Sal\u0131c\u0131, Ersoy\u2019un, Ayasofya Camii i\u00e7inde yer alan m\u00fczenin i\u015fletmesini eni\u015ftesi Mehmet U\u011fur Esin\u2019in \u015firketine verdi\u011fini \u00f6ne s\u00fcrd\u00fc. X hesab\u0131ndan m\u00fczeye giri\u015f i\u00e7in yap\u0131lan \u00f6demenin fi\u015fini payla\u015fan milletvekili, \u015fu tabirleri kulland\u0131:<\/p>\n<p><strong>\u201cHAYIRLI \u0130\u015eLER\u201d<\/strong><\/p>\n<p>\u201cBir bakan d\u00fc\u015f\u00fcn\u00fcn\u2026 1500 y\u0131ll\u0131k Ayasofya\u2019da kimsenin akl\u0131na gelmeyeni yapt\u0131. Ayasofya\u2019y\u0131 e\u015fine dostuna para basan bir kayna\u011fa \u00e7evirdi. Ayasofya\u2019daki m\u00fczeye giri\u015f: 950 TL. Bileti kesen \u015firket: Turizm Bakan\u0131 Mehmet Nuri Ersoy\u2019un eni\u015ftesinin \u015firketi DEM M\u00fczecilik. Devlete aktar\u0131lan hisse: 0 TL. 25 Euro\u2019dan, y\u0131lda 2 milyon ziyaret\u00e7i gelse, 50 milyon Euro demek. G\u00fczel i\u015fler Mehmet Nuri Ersoy.\u201d<\/p>\n<p>S\u00d6ZC\u00dc\u2019ye konu\u015fan CHP\u2019li O\u011fuz Kaan Sal\u0131c\u0131, \u015fu a\u00e7\u0131klamay\u0131 yapt\u0131:<\/p>\n<p><strong>\u201c\u0130ST\u0130FA ETMEL\u0130\u201d<\/strong><\/p>\n<p>\u201cBakan bey 1500 y\u0131ll\u0131k Ayasofya\u2019da kimsenin akl\u0131na gelmeyeni yapt\u0131 ve buray\u0131 darphaneye \u00e7evirdi. Galata K\u00f6pr\u00fcs\u00fc\u2019n\u00fc satan S\u00fcl\u00fcn Osman g\u00f6rse \u00f6n\u00fcn\u00fc ilikler, \u015fapka \u00e7\u0131kar\u0131rd\u0131. Tarihte bu t\u00fcrl\u00fc bir cinlik yok. Ayasofya\u2019y\u0131 in\u015fa ettiren Bizans \u0130mparatoru Justinianus\u2019un da \u0130stanbul\u2019u fetheden Fatih Sultan Mehmed\u2019in de bu t\u00fcrl\u00fc bir yakla\u015f\u0131m\u0131 olamazd\u0131. B\u00fcy\u00fck Atat\u00fcrk\u2019ten zati beklenemez bile. Yunus Emre Enstit\u00fcs\u00fc\u2019nde yolsuzluk savlar\u0131 var. Kartalkaya\u2019da 78 can gidiyor, \u0130stanbul Park ihalesinde ya\u015fananlar da ortada. K\u00fclt\u00fcr Bakan\u0131 Ersoy derhal istifa etmeli.\u201d<\/p>\n<p><img decoding=\"async\" src=\"https:\/\/ikimisli.tr\/wp-content\/uploads\/2025\/05\/enisteye-gise-kiyagi-0-nxWHTNML.jpg\"\/><\/p>\n<p><strong>YERL\u0130 G\u0130R\u0130\u015e F\u0130YATI 950 TL<\/strong><\/p>\n<p>CHP \u0130stanbul Milletvekili O\u011fuz Kaan Sal\u0131c\u0131, m\u00fczeye giri\u015f i\u00e7in yap\u0131lan 950 TL\u2019lik \u00f6demenin fi\u015fini de payla\u015ft\u0131.<\/p>\n<p><b>\u0130ddiaya kar\u015f\u0131l\u0131k: Say\u0131\u015ftay denetliyor<\/b><\/p>\n<p>Vak\u0131flar Genel M\u00fcd\u00fcrl\u00fc\u011f\u00fc ise Sal\u0131c\u0131\u2019n\u0131n arg\u00fcmanlar\u0131na \u015fu kar\u015f\u0131l\u0131\u011f\u0131 verdi: \u201cAyasofya-i Kebir Cami-i \u015eerifi\u2019nin Galeri Kat\u0131\u2019ndan elde edilen gelirden devlete hisse aktar\u0131lmad\u0131\u011f\u0131 sav\u0131 ger\u00e7ek d\u0131\u015f\u0131d\u0131r. Ecdad yadigar\u0131 olan Ayasofya-i Kebir Cami-i \u015eerifi, Vak\u0131flar Genel M\u00fcd\u00fcrl\u00fc\u011f\u00fc taraf\u0131ndan y\u00f6netilmekte; gelirleri Vak\u0131flar Genel M\u00fcd\u00fcrl\u00fc\u011f\u00fc\u2019n\u00fcn hesaplar\u0131nda yer almakta ve Say\u0131\u015ftay taraf\u0131ndan denetlenmektedir.\u201d<\/p>\n","protected":false},"excerpt":{"rendered":"<p>CHP\u2019li O\u011fuz Kaan Sal\u0131c\u0131\u2019n\u0131n tezine nazaran, Ayasofya\u2019daki m\u00fczenin i\u015fletilmesi K\u00fclt\u00fcr ve Turizm Bakan\u0131 Mehmet Nuri Ersoy\u2019un eni\u015ftesine verildi, 950 TL\u2019lik giri\u015f fiyat\u0131n\u0131n bir kuru\u015fu devlete gitmiyor.<\/p>\n","protected":false},"author":1,"featured_media":35057,"comment_status":"open","ping_status":"open","sticky":false,"template":"","format":"standard","meta":{"footnotes":""},"categories":[25],"tags":[5660,262,1830],"class_list":["post-35056","post","type-post","status-publish","format-standard","has-post-thumbnail","hentry","category-gundem","tag-ayasofya","tag-bakan","tag-ersoy"],"_links":{"self":[{"href":"https:\/\/ikimisli.tr\/index.php\/wp-json\/wp\/v2\/posts\/35056","targetHints":{"allow":["GET"]}}],"collection":[{"href":"https:\/\/ikimisli.tr\/index.php\/wp-json\/wp\/v2\/posts"}],"about":[{"href":"https:\/\/ikimisli.tr\/index.php\/wp-json\/wp\/v2\/types\/post"}],"author":[{"embeddable":true,"href":"https:\/\/ikimisli.tr\/index.php\/wp-json\/wp\/v2\/users\/1"}],"replies":[{"embeddable":true,"href":"https:\/\/ikimisli.tr\/index.php\/wp-json\/wp\/v2\/comments?post=35056"}],"version-history":[{"count":1,"href":"https:\/\/ikimisli.tr\/index.php\/wp-json\/wp\/v2\/posts\/35056\/revisions"}],"predecessor-version":[{"id":35059,"href":"https:\/\/ikimisli.tr\/index.php\/wp-json\/wp\/v2\/posts\/35056\/revisions\/35059"}],"wp:featuredmedia":[{"embeddable":true,"href":"https:\/\/ikimisli.tr\/index.php\/wp-json\/wp\/v2\/media\/35057"}],"wp:attachment":[{"href":"https:\/\/ikimisli.tr\/index.php\/wp-json\/wp\/v2\/media?parent=35056"}],"wp:term":[{"taxonomy":"category","embeddable":true,"href":"https:\/\/ikimisli.tr\/index.php\/wp-json\/wp\/v2\/categories?post=35056"},{"taxonomy":"post_tag","embeddable":true,"href":"https:\/\/ikimisli.tr\/index.php\/wp-json\/wp\/v2\/tags?post=35056"}],"curies":[{"name":"wp","href":"https:\/\/api.w.org\/{rel}","templated":true}]}}