{"id":35095,"date":"2025-05-06T12:24:21","date_gmt":"2025-05-06T12:24:21","guid":{"rendered":"https:\/\/ikimisli.tr\/?p=35095"},"modified":"2025-05-06T12:24:21","modified_gmt":"2025-05-06T12:24:21","slug":"selcuk-ozdagdan-yillar-sonra-olay-yaratacak-meral-aksener-itirafi","status":"publish","type":"post","link":"https:\/\/ikimisli.tr\/index.php\/2025\/05\/06\/selcuk-ozdagdan-yillar-sonra-olay-yaratacak-meral-aksener-itirafi\/","title":{"rendered":"Sel\u00e7uk \u00d6zda\u011f\u2019dan y\u0131llar sonra olay yaratacak Meral Ak\u015fener itiraf\u0131"},"content":{"rendered":"<p>Yeni Yol Partisi Meclis K\u00fcme Ba\u015fkanvekili Sel\u00e7uk \u00d6zda\u011f, TELE1 ekranlar\u0131nda yay\u0131mlanan An\u0131nda Man\u015fet program\u0131na konuk oldu&#8230;<\/p>\n<p>Programda, \u0130Y\u0130 Parti Kurucu Genel Lideri Meral Ak\u015fener\u2019in 2019 yerel se\u00e7imlerinde kendisine yapt\u0131\u011f\u0131 teklifi anlatt\u0131.<\/p>\n<p>2019 yerel se\u00e7imlerinde Meral Ak\u015fener\u2019in kendisine Manisa B\u00fcy\u00fck\u015fehir Belediye Ba\u015fkanl\u0131\u011f\u0131 i\u00e7in adayl\u0131k teklif etti\u011fini belirten Sel\u00e7uk \u00d6zda\u011f, \u201cMeral Ak\u015fener bana 2019 y\u0131l\u0131nda b\u00fcy\u00fck\u015fehir belediye ba\u015fkanl\u0131\u011f\u0131n\u0131 teklif etti\u011finde, Cumhuriyet Halk Partisi ile i\u015f birli\u011fi yapm\u0131\u015flard\u0131 ve Manisa&#8217;y\u0131 \u00c2L\u00c2 Parti&#8217;ye vermi\u015flerdi. Kendisi bana \u2018Sel\u00e7uk Bey, kazan\u0131yorsunuz\u2019 demi\u015fti. Akabinde da \u2018Git aday ol, sonra bir sene sonra AK Parti&#8217;ye kat\u0131l\u2019 dedi\u201d s\u00f6zlerini kulland\u0131.<\/p>\n<p>\u00d6zda\u011f\u2019\u0131n a\u00e7\u0131klamalar\u0131 \u015f\u00f6yle:<\/p>\n<p>-32 y\u0131ll\u0131k siyaset\u00e7i olarak uzun y\u0131llar Muhsin Yaz\u0131c\u0131o\u011flu ile siyaset yapm\u0131\u015f, Adalet ve Kalk\u0131nma Partisi&#8217;nde \u00fc\u00e7 devir milletvekilli\u011fi ve genel lider yard\u0131mc\u0131l\u0131\u011f\u0131 yapm\u0131\u015f birisi olarak art\u0131k muhalefette olarak mevtten d\u00f6nen bir ki\u015fi olarak s\u00f6yl\u00fcyorum. Nereden oy ald\u0131ysan\u0131z orada kalacaks\u0131n\u0131z.<\/p>\n<p>-Efendim o milletin oylar\u0131n\u0131 oradan oraya ta\u015f\u0131yamazs\u0131n\u0131z. Mu\u011fla&#8217;da bana CHP&#8217;liler, Gelecek, Saadet, DEVA ve Demokrat Partililer daha \u00e7ok da Cumhuriyet Halk Partililer oy verdi bana.<\/p>\n<p>-Ben o denli se\u00e7ildim geldim art\u0131k al\u0131p bu oylar\u0131 oraya ta\u015f\u0131yabilir misiniz? Meral Ak\u015fener bana 2019 y\u0131l\u0131nda b\u00fcy\u00fck\u015fehir belediye ba\u015fkanl\u0131\u011f\u0131n\u0131 teklif etti\u011finde Cumhuriyet Halk Partisi ile i\u015f birli\u011fi yapt\u0131klar\u0131nda Manisa&#8217;y\u0131 YETERL\u0130 Parti&#8217;ye vermi\u015flerdi ve kendisi bana &#8220;Sel\u00e7uk Bey kazan\u0131yorsun&#8221; demi\u015fti.<\/p>\n<p>&#8211; &#8220;Git aday ol sonra da bir sene sonra AKP&#8217;ye kat\u0131l&#8221; demi\u015fti. &#8220;Kat\u0131l\u0131rsan yahut da Ahmet Bey parti kurarsa sarfiyat kat\u0131l\u0131rs\u0131n\u0131z&#8221; &#8220;Bir dakika&#8221; dedim, &#8220;Ben oraya oylar\u0131 ta\u015f\u0131yamam<\/p>\n<p>-Ahmet Bey de bana sordu. &#8220;Gelir misiniz?&#8221; dedi. &#8220;Gelmem&#8221; dedim. Ben o oradan ben \u00c2L\u00c2 Partililerle CHP&#8217;liler ile belediye ba\u015fkan\u0131 olaca\u011f\u0131m. 5 y\u0131ll\u0131k mukavele yapaca\u011f\u0131m sonra da ben ta\u015f\u0131naca\u011f\u0131m. Efendim her \u015fey makam de\u011fildir, her \u015fey \u015fahsiyettir her \u015fey bir duru\u015ftur. Efendim bir duru\u015funuz olacak.<\/p>\n","protected":false},"excerpt":{"rendered":"<p>Yeni Yol Partisi Meclis K\u00fcme Ba\u015fkanvekili Sel\u00e7uk \u00d6zda\u011f, kat\u0131ld\u0131\u011f\u0131 bir canl\u0131 yay\u0131nda, YETERL\u0130 Parti&#8217;nin Kurucu Genel Ba\u015fkan\u0131 Meral Ak\u015fener\u2019in 2019 mahall\u00ee se\u00e7imlerinde kendisine Manisa&#8217;da adayl\u0131k teklifinde bulundu\u011funu ve &#8220;Git aday ol, sonra bir y\u0131l i\u00e7inde AKP&#8217;ye kat\u0131l&#8221; dedi\u011fini sav etti.<\/p>\n","protected":false},"author":1,"featured_media":35096,"comment_status":"open","ping_status":"open","sticky":false,"template":"","format":"standard","meta":{"footnotes":""},"categories":[25],"tags":[628,32,189],"class_list":["post-35095","post","type-post","status-publish","format-standard","has-post-thumbnail","hentry","category-gundem","tag-bana","tag-baskan","tag-parti"],"_links":{"self":[{"href":"https:\/\/ikimisli.tr\/index.php\/wp-json\/wp\/v2\/posts\/35095","targetHints":{"allow":["GET"]}}],"collection":[{"href":"https:\/\/ikimisli.tr\/index.php\/wp-json\/wp\/v2\/posts"}],"about":[{"href":"https:\/\/ikimisli.tr\/index.php\/wp-json\/wp\/v2\/types\/post"}],"author":[{"embeddable":true,"href":"https:\/\/ikimisli.tr\/index.php\/wp-json\/wp\/v2\/users\/1"}],"replies":[{"embeddable":true,"href":"https:\/\/ikimisli.tr\/index.php\/wp-json\/wp\/v2\/comments?post=35095"}],"version-history":[{"count":1,"href":"https:\/\/ikimisli.tr\/index.php\/wp-json\/wp\/v2\/posts\/35095\/revisions"}],"predecessor-version":[{"id":35097,"href":"https:\/\/ikimisli.tr\/index.php\/wp-json\/wp\/v2\/posts\/35095\/revisions\/35097"}],"wp:featuredmedia":[{"embeddable":true,"href":"https:\/\/ikimisli.tr\/index.php\/wp-json\/wp\/v2\/media\/35096"}],"wp:attachment":[{"href":"https:\/\/ikimisli.tr\/index.php\/wp-json\/wp\/v2\/media?parent=35095"}],"wp:term":[{"taxonomy":"category","embeddable":true,"href":"https:\/\/ikimisli.tr\/index.php\/wp-json\/wp\/v2\/categories?post=35095"},{"taxonomy":"post_tag","embeddable":true,"href":"https:\/\/ikimisli.tr\/index.php\/wp-json\/wp\/v2\/tags?post=35095"}],"curies":[{"name":"wp","href":"https:\/\/api.w.org\/{rel}","templated":true}]}}