{"id":35113,"date":"2025-05-06T13:36:14","date_gmt":"2025-05-06T13:36:14","guid":{"rendered":"https:\/\/ikimisli.tr\/?p=35113"},"modified":"2025-05-06T13:36:14","modified_gmt":"2025-05-06T13:36:14","slug":"dis-sagligi-tehlikede-mi-florur-hakkinda-bilinmeyen-gercekler","status":"publish","type":"post","link":"https:\/\/ikimisli.tr\/index.php\/2025\/05\/06\/dis-sagligi-tehlikede-mi-florur-hakkinda-bilinmeyen-gercekler\/","title":{"rendered":"Di\u015f sa\u011fl\u0131\u011f\u0131 tehlikede mi? Flor\u00fcr hakk\u0131nda bilinmeyen ger\u00e7ekler"},"content":{"rendered":"<p>\u00c7ocuklar\u0131n di\u015f s\u0131hhati i\u00e7in flor\u00fcr kullan\u0131m\u0131n\u0131 k\u0131ymetlendiren Dr. \u00d6\u011fr. \u00dcyesi Nalbanto\u011flu, \u201cFlor\u00fcr, \u00e7ocuklarda di\u015f \u00e7\u00fcr\u00fc\u011f\u00fcn\u00fc \u00f6nlemede en tesirli ve muteber form\u00fcllerden biri olarak uzun y\u0131llard\u0131r di\u015f hekimli\u011finde kullan\u0131lmaktad\u0131r. \u00c7ocuklar\u0131n a\u011f\u0131z ve di\u015f s\u0131hhatini korumak, ileride daha \u00f6nemli di\u015f s\u0131hhati sorunlar\u0131n\u0131 \u00f6nlemek i\u00e7in flor\u00fcr hem ki\u015fisel hem de toplumsal seviyede b\u00fcy\u00fck bir ehemmiyete sahiptir\u201d diye konu\u015ftu.<\/p>\n<p><b>&#8216;FLOR\u00dcR D\u0130\u015e \u00c7\u00dcR\u00dc\u011e\u00dc OLU\u015eUMUNU ENGELLER&#8217;<\/b><\/p>\n<p>Flor\u00fcr\u00fcn, di\u015f minesini g\u00fc\u00e7lendirerek asitlere kar\u015f\u0131 daha diren\u00e7li hale getirdi\u011fini s\u00f6yleyen Nalbanto\u011flu, \u201c\u00c7ocuklar\u0131n di\u015fleri, bilhassa erken ya\u015flarda geli\u015fme evresinde oldu\u011fundan, flor\u00fcr dayana\u011f\u0131 di\u015f minesindeki mineral kayb\u0131n\u0131 \u00f6nler ve kaybedilen minerallerin geri kazan\u0131lmas\u0131na yard\u0131mc\u0131 olur. Ayr\u0131yeten, di\u015f \u00e7\u00fcr\u00fc\u011f\u00fcne neden olan bakterilerin aktivitesine tesir ederek \u00e7\u00fcr\u00fck olu\u015fumunu engeller\u201d dedi.<\/p>\n<p><b>\u2018UYGULAMALAR 3-6 AYDA B\u0130R TEKRARLANARAK TES\u0130RL\u0130 B\u0130R M\u00dcDAFAA SA\u011eLAR\u2019<\/b><\/p>\n<p>\u201c\u00c7ocuklar\u0131n a\u011f\u0131z ve di\u015f s\u0131hhatini korumak i\u00e7in flor\u00fcr dayana\u011f\u0131, \u00e7e\u015fitli kaynaklardan sa\u011flanabilir\u201d diyen Nalbanto\u011flu, \u201cFlor\u00fcrl\u00fc di\u015f macunlar\u0131, \u00e7ocuklar i\u00e7in \u00f6zel olarak \u00fcretilip di\u015f f\u0131r\u00e7alama al\u0131\u015fkanl\u0131\u011f\u0131n\u0131 kazand\u0131r\u0131rken di\u015f minesini g\u00fc\u00e7lendirir. Ayr\u0131yeten, i\u00e7me suyu flor\u00fcr ile desteklendi\u011finde, \u00e7ocuklar g\u00fcnl\u00fck \u00f6m\u00fcrlerinde do\u011fal olarak flor\u00fcr alabilir ve bu sistem, \u00e7\u00fcr\u00fckleri \u00f6nlemede toplumsal s\u0131hhat a\u00e7\u0131s\u0131ndan b\u00fcy\u00fck k\u0131ymet ta\u015f\u0131r. \u00d6b\u00fcr bir se\u00e7enek ise, \u00e7ocuk di\u015f doktorlar\u0131 taraf\u0131ndan uygulanan profesyonel flor\u00fcr uygulamalar\u0131d\u0131r. \u00c7\u00fcr\u00fck riski y\u00fcksek \u00e7ocuklarda, flor\u00fcr cilalar\u0131 yahut jelleri kullan\u0131larak di\u015fler g\u00fc\u00e7lendirilir ve bu uygulamalar 3-6 ayda bir tekrarlanarak tesirli bir m\u00fcdafaa sa\u011flar\u201d s\u00f6zlerini kulland\u0131.<\/p>\n<p>Son y\u0131llarda, toplumsal medyada flor\u00fcr\u00fcn g\u00fcvenli\u011fi konusunda bir\u00e7ok yanl\u0131\u015f bilgi dola\u015ft\u0131\u011f\u0131n\u0131 lisana getiren Nalbanto\u011flu, \u201cBu cins arg\u00fcmanlar, bilimsel temelden mahrum olup, flor\u00fcr\u00fcn g\u00fcvenli\u011fi konusunda ebeveynlerin gereksiz kayg\u0131lar ya\u015famas\u0131na neden olmaktad\u0131r. Lakin bilimsel \u00e7al\u0131\u015fmalar, ger\u00e7ek \u00f6l\u00e7\u00fclerde kullan\u0131lan flor\u00fcr\u00fcn \u00e7ocuklar\u0131n a\u011f\u0131z ve di\u015f s\u0131hhati i\u00e7in hem inan\u00e7l\u0131 hem de tesirli oldu\u011funu kan\u0131tlam\u0131\u015ft\u0131r. \u00c7ocuk di\u015f doktorlar\u0131, flor\u00fcr\u00fcn \u00f6l\u00e7\u00fcs\u00fcn\u00fc \u00e7ocu\u011fun ya\u015f\u0131na, a\u011f\u0131z s\u0131hhatine ve ki\u015fisel gereksinimlerine nazaran belirleyerek en uygun bi\u00e7imde uygulanmas\u0131n\u0131 sa\u011flar\u201d dedi.<\/p>\n<p>Ebeveynlerin toplumsal medya kaynakl\u0131 yanl\u0131\u015f bilgilere de\u011fil, uzman \u00e7ocuk di\u015f doktorlar\u0131n\u0131n tekliflerine g\u00fcvenmeleri gerekti\u011fini s\u00f6yleyen Dr. Nalbanto\u011flu, \u201cDo\u011fru ve sa\u011flam bilgi, hem ferd\u00ee hem toplumsal seviyede sa\u011fl\u0131kl\u0131 di\u015flere sahip olman\u0131n anahtar\u0131d\u0131r\u201d diye konu\u015ftu.<br \/>\u00c7ocuklar i\u00e7in inan\u00e7l\u0131 ve tesirli olabilmesi i\u00e7in flor\u00fcr\u00fcn ger\u00e7ek halde kullan\u0131lmas\u0131 gerekti\u011fini vurgulayan Dr. Nalbanto\u011flu, \u201c\u00dc\u00e7 ya\u015f\u0131ndan k\u00fc\u00e7\u00fck \u00e7ocuklar i\u00e7in pirin\u00e7 tanesi b\u00fcy\u00fckl\u00fc\u011f\u00fcnde, 3-6 ya\u015f ortas\u0131ndaki \u00e7ocuklar i\u00e7in ise bezelye tanesi b\u00fcy\u00fckl\u00fc\u011f\u00fcnde flor\u00fcrl\u00fc di\u015f macunu kullan\u0131lmas\u0131 \u00f6nerilmektedir. Ayr\u0131yeten, 6 ya\u015f\u0131ndan k\u00fc\u00e7\u00fck \u00e7ocuklar\u0131n di\u015f f\u0131r\u00e7alarken bir yeti\u015fkinin nezaretinde olmalar\u0131 k\u0131ymetlidir. Flor\u00fcr tabletleri yahut emsal takviyeler s\u0131rf \u00e7ocuk di\u015f tabibi taraf\u0131ndan \u00f6nerildi\u011finde kullan\u0131lmal\u0131d\u0131r\u201d s\u00f6zlerini kulland\u0131.<\/p>\n<p><b>\u00c7OCUK D\u0130\u015e TAB\u0130B\u0130NDEN TAKV\u0130YE ALIN<\/b><\/p>\n<p>Flor\u00fcr uygulamalar\u0131n\u0131n \u00e7ocuklarda hakikat ve inan\u00e7l\u0131 bir bi\u00e7imde yap\u0131lmas\u0131 i\u00e7in kesinlikle bir \u00e7ocuk di\u015f tabibine dan\u0131\u015f\u0131lmas\u0131 gerekti\u011fini s\u00f6yleyen Dr. Nalbanto\u011flu, \u201c\u00c7ocuk di\u015f tabipleri, her \u00e7ocu\u011fun ferdi \u00e7\u00fcr\u00fck riskini k\u0131ymetlendirerek en uygun kollay\u0131c\u0131 tedavi plan\u0131n\u0131 olu\u015fturur\u201d dedi.<\/p>\n","protected":false},"excerpt":{"rendered":"<p>Dr. \u00d6\u011fr. \u00dcyesi Eser Rengin Nalbanto\u011flu, \u00e7ocuklar\u0131n di\u015f s\u0131hhatinde flor\u00fcr\u00fcn ehemmiyetine dikkat \u00e7ekerek, ebeveynleri toplumsal medyadaki yanl\u0131\u015f bilgilere kar\u015f\u0131 uyard\u0131. Nalbanto\u011flu, ger\u00e7ek flor\u00fcr kullan\u0131m\u0131n\u0131n di\u015f \u00e7\u00fcr\u00fcklerini \u00f6nlemede tesirli oldu\u011funu vurgulayarak, &#8220;Flor\u00fcr kullan\u0131m\u0131 i\u00e7in toplumsal medyaya de\u011fil, \u00e7ocuk di\u015f tabibine ba\u015fvurun&#8221; dedi.<\/p>\n","protected":false},"author":1,"featured_media":35114,"comment_status":"open","ping_status":"open","sticky":false,"template":"","format":"standard","meta":{"footnotes":""},"categories":[29],"tags":[578,103,2649,5667,702],"class_list":["post-35113","post","type-post","status-publish","format-standard","has-post-thumbnail","hentry","category-saglik","tag-cocuklar","tag-dis","tag-florur","tag-nalbantoglu","tag-yas"],"_links":{"self":[{"href":"https:\/\/ikimisli.tr\/index.php\/wp-json\/wp\/v2\/posts\/35113","targetHints":{"allow":["GET"]}}],"collection":[{"href":"https:\/\/ikimisli.tr\/index.php\/wp-json\/wp\/v2\/posts"}],"about":[{"href":"https:\/\/ikimisli.tr\/index.php\/wp-json\/wp\/v2\/types\/post"}],"author":[{"embeddable":true,"href":"https:\/\/ikimisli.tr\/index.php\/wp-json\/wp\/v2\/users\/1"}],"replies":[{"embeddable":true,"href":"https:\/\/ikimisli.tr\/index.php\/wp-json\/wp\/v2\/comments?post=35113"}],"version-history":[{"count":1,"href":"https:\/\/ikimisli.tr\/index.php\/wp-json\/wp\/v2\/posts\/35113\/revisions"}],"predecessor-version":[{"id":35115,"href":"https:\/\/ikimisli.tr\/index.php\/wp-json\/wp\/v2\/posts\/35113\/revisions\/35115"}],"wp:featuredmedia":[{"embeddable":true,"href":"https:\/\/ikimisli.tr\/index.php\/wp-json\/wp\/v2\/media\/35114"}],"wp:attachment":[{"href":"https:\/\/ikimisli.tr\/index.php\/wp-json\/wp\/v2\/media?parent=35113"}],"wp:term":[{"taxonomy":"category","embeddable":true,"href":"https:\/\/ikimisli.tr\/index.php\/wp-json\/wp\/v2\/categories?post=35113"},{"taxonomy":"post_tag","embeddable":true,"href":"https:\/\/ikimisli.tr\/index.php\/wp-json\/wp\/v2\/tags?post=35113"}],"curies":[{"name":"wp","href":"https:\/\/api.w.org\/{rel}","templated":true}]}}