{"id":35133,"date":"2025-05-06T14:48:19","date_gmt":"2025-05-06T14:48:19","guid":{"rendered":"https:\/\/ikimisli.tr\/?p=35133"},"modified":"2025-05-06T14:48:19","modified_gmt":"2025-05-06T14:48:19","slug":"tbmmde-kabul-edildi-hakim-ve-savcilar-akademisyen-olarak-atanabilecek","status":"publish","type":"post","link":"https:\/\/ikimisli.tr\/index.php\/2025\/05\/06\/tbmmde-kabul-edildi-hakim-ve-savcilar-akademisyen-olarak-atanabilecek\/","title":{"rendered":"TBMM&#8217;de kabul edildi: Hakim ve savc\u0131lar akademisyen olarak atanabilecek"},"content":{"rendered":"<p>TBMM Genel Kurulu\u2019nda g\u00f6r\u00fc\u015f\u00fclen T\u00fcrkiye Adalet Akademisi Kanunu Teklifi&#8217;nin 17 hususu kabul edildi. Teklifle, meslekte fiilen 8 y\u0131l\u0131n\u0131 tamamlam\u0131\u015f hakim ve savc\u0131lar, \u00f6\u011fretim eleman\u0131 olarak misyon yapmak \u00fczere Adalet Bakan\u0131 taraf\u0131ndan T\u00fcrkiye Adalet Akademisi&#8217;ne atanabilecek.<\/p>\n<p>Akademi b\u00fcnyesinde Hukuk Ara\u015ft\u0131rmalar\u0131 Merkezi kurulacak. Ayr\u0131yeten 18 ki\u015fiden olu\u015facak E\u011fitim Kurulu, e\u011fitim programlar\u0131n\u0131 belirleyecek.\u00a0<\/p>\n<p>Teklifle, T\u00fcrkiye Adalet Akademisi&#8217;nin kamu hukuk\u00ee ki\u015fili\u011fini haiz, bilimsel, idari ve mali \u00f6zerkli\u011fi olan, \u00f6zel b\u00fct\u00e7eli ve Adalet Bakanl\u0131\u011f\u0131&#8217;yla ilgili olmas\u0131 \u00f6ng\u00f6r\u00fcl\u00fcyor. Akademi&#8217;nin mevcut te\u015fkilat yap\u0131s\u0131 g\u00f6zetilerek Akademi&#8217;nin idari kapasitesinin g\u00fc\u00e7lendirilmesine y\u00f6nelik d\u00fczenlemelere yer veriliyor. Ba\u015fkanl\u0131k, Lider ve daire ba\u015fkanl\u0131\u011f\u0131 bi\u00e7iminde te\u015fkilatlanan hizmet \u00fcniteleri ile Hukuk Ara\u015ft\u0131rmalar\u0131 Merkezinden olu\u015facak bi\u00e7imde d\u00fczenleniyor.<\/p>\n<p><b>HUKUK ARA\u015eTIRMALARI MERKEZ\u0130 KURULUYOR<\/b><\/p>\n<p>Teklifle Yarg\u0131 Islahat\u0131 Strateji Evrak\u0131 ve \u0130nsan Haklar\u0131 Aksiyon Plan\u0131&#8217;nda belirtilen gaye ve gayeler do\u011frultusunda, Akademi b\u00fcnyesinde Hukuk Ara\u015ft\u0131rmalar\u0131 Merkezi kuruluyor. Hukuk Ara\u015ft\u0131rmalar\u0131 Merkezi&#8217;ne; hukuk ve adalet alan\u0131nda geli\u015fmeleri takip etme, muhta\u00e7l\u0131klar\u0131 tespit etme, ara\u015ft\u0131rma, bilimsel \u00e7al\u0131\u015fma ve yay\u0131mlar yapma vazifesi veriliyor. Bu Merkez ayr\u0131yeten yarg\u0131 mensuplar\u0131n\u0131n uzmanla\u015fmas\u0131na katk\u0131 sa\u011flanmas\u0131 emeliyle lisans\u00fcst\u00fc e\u011fitimler d\u00fczenlemeleri i\u00e7in y\u00fcksek\u00f6\u011fretim kurumlar\u0131yla i\u015f birli\u011fi yapacak.<\/p>\n<p>Kabul edilen teklifle meslek \u00f6ncesi ve meslek i\u00e7i e\u011fitim ve \u00f6\u011fretim programlar\u0131n\u0131n y\u0131ll\u0131k e\u011fitim plan\u0131 d\u00e2hilinde d\u00fczenlenece\u011fi karar alt\u0131na al\u0131n\u0131yor. 18 ki\u015fiden olu\u015facak E\u011fitim Kurulu, e\u011fitim programlar\u0131n\u0131 belirleyecek. Bu plan haz\u0131rlan\u0131rken muhta\u00e7l\u0131klar do\u011frultusunda ilgisine nazaran Bakanl\u0131k yahut Yarg\u0131\u00e7lar ve Savc\u0131lar Kurulu ile i\u015f birli\u011fi yap\u0131lacak. Ayr\u0131yeten y\u0131ll\u0131k e\u011fitim plan\u0131 ile e\u011fitim ve \u00f6\u011fretim programlar\u0131n\u0131n haz\u0131rlanmas\u0131nda y\u00fcksek mahkemeler ve hukuk fak\u00fclteleri ile ilgili kurum ve kurulu\u015flar\u0131n g\u00f6r\u00fc\u015f\u00fc de al\u0131nabilecek.<\/p>\n<p>Ayr\u0131ca adalet hizmeti sunan \u00f6b\u00fcr bireylerin de e\u011fitim ve \u00f6\u011fretim gereksinimi nazara al\u0131narak Akademi\u2019de bu \u015fah\u0131slara y\u00f6nelik hizmet i\u00e7i e\u011fitim program\u0131 d\u00fczenlenmesi \u00f6ng\u00f6r\u00fcl\u00fcyor. Bu kapsamda talep etmeleri h\u00e2linde avukatlar, noterler ve hukuk ve adalet alan\u0131nda misyon yapan kamu i\u015f\u00e7isi ile ilgili \u00f6teki bireylere y\u00f6nelik e\u011fitim programlar\u0131 d\u00fczenlenebilecek.<\/p>\n<p><b>HAK\u0130M VE SAVCILAR AKADEM\u0130YE ATANAB\u0130LECEK<\/b><\/p>\n<p>Meslekte fiilen 5 y\u0131l\u0131n\u0131 tamamlam\u0131\u015f hakim ve savc\u0131lar, Adalet Bakan\u0131 taraf\u0131ndan Hakimler ve Savc\u0131lar Kanunu kararlar\u0131 uyar\u0131nca Akademiye atanabilecek yahut g\u00f6revlendirilebilecek. Devlet Memurlar\u0131 Kanunu&#8217;na tabi \u00e7al\u0131\u015fan\u0131n Akademiye birinci sefer yahut naklen atanmas\u0131 Akademi Liderince yap\u0131lacak. Meslekte fiilen 8 y\u0131l\u0131n\u0131 tamamlam\u0131\u015f hakim ve savc\u0131lar, \u00f6\u011fretim eleman\u0131 olarak vazife yapmak \u00fczere Adalet Bakan\u0131 taraf\u0131ndan Akademiye atanabilecek yahut g\u00f6revlendirilebilecek. Y\u00fcksek\u00f6\u011fretim kurumlar\u0131nda misyonlu \u00f6\u011fretim \u00fcyeleri ve \u00f6\u011fretim vazifelileri ile ara\u015ft\u0131rma vazifelileri, Akademide \u00f6\u011fretim eleman\u0131 olarak g\u00f6revlendirilebilecek.<\/p>\n<p>Teklifin birinci 17 hususunun kabul edilmesinin akabinde, al\u0131nan karar gere\u011fince TBMM Genel Kurulu 13 \u015eubat Per\u015fembe g\u00fcn\u00fc saat 14.00&#8217;te toplanmak \u00fczere kapand\u0131.<\/p>\n","protected":false},"excerpt":{"rendered":"<p>T\u00fcrkiye Adalet Akademisi&#8217;nin te\u015fkilat yap\u0131s\u0131na, vazife ve sorumluluklar\u0131na ait haz\u0131rlanan T\u00fcrkiye Adalet Akademisi Kanunu Teklifi&#8217;nin 17 unsuru TBMM Genel Konseyi&#8217;nde kabul edildi. TBMM Genel Kurulu 13 \u015eubat Per\u015fembe g\u00fcn\u00fc saat 14.00&#8217;te toplanmak \u00fczere kapand\u0131.<\/p>\n","protected":false},"author":1,"featured_media":35134,"comment_status":"open","ping_status":"open","sticky":false,"template":"","format":"standard","meta":{"footnotes":""},"categories":[25],"tags":[971,1679,1328,36,2769],"class_list":["post-35133","post","type-post","status-publish","format-standard","has-post-thumbnail","hentry","category-gundem","tag-adalet","tag-akademi","tag-egitim","tag-gorev","tag-ogretim"],"_links":{"self":[{"href":"https:\/\/ikimisli.tr\/index.php\/wp-json\/wp\/v2\/posts\/35133","targetHints":{"allow":["GET"]}}],"collection":[{"href":"https:\/\/ikimisli.tr\/index.php\/wp-json\/wp\/v2\/posts"}],"about":[{"href":"https:\/\/ikimisli.tr\/index.php\/wp-json\/wp\/v2\/types\/post"}],"author":[{"embeddable":true,"href":"https:\/\/ikimisli.tr\/index.php\/wp-json\/wp\/v2\/users\/1"}],"replies":[{"embeddable":true,"href":"https:\/\/ikimisli.tr\/index.php\/wp-json\/wp\/v2\/comments?post=35133"}],"version-history":[{"count":1,"href":"https:\/\/ikimisli.tr\/index.php\/wp-json\/wp\/v2\/posts\/35133\/revisions"}],"predecessor-version":[{"id":35135,"href":"https:\/\/ikimisli.tr\/index.php\/wp-json\/wp\/v2\/posts\/35133\/revisions\/35135"}],"wp:featuredmedia":[{"embeddable":true,"href":"https:\/\/ikimisli.tr\/index.php\/wp-json\/wp\/v2\/media\/35134"}],"wp:attachment":[{"href":"https:\/\/ikimisli.tr\/index.php\/wp-json\/wp\/v2\/media?parent=35133"}],"wp:term":[{"taxonomy":"category","embeddable":true,"href":"https:\/\/ikimisli.tr\/index.php\/wp-json\/wp\/v2\/categories?post=35133"},{"taxonomy":"post_tag","embeddable":true,"href":"https:\/\/ikimisli.tr\/index.php\/wp-json\/wp\/v2\/tags?post=35133"}],"curies":[{"name":"wp","href":"https:\/\/api.w.org\/{rel}","templated":true}]}}