{"id":35261,"date":"2025-05-06T22:48:18","date_gmt":"2025-05-06T22:48:18","guid":{"rendered":"https:\/\/ikimisli.tr\/?p=35261"},"modified":"2025-05-06T22:48:18","modified_gmt":"2025-05-06T22:48:18","slug":"abd-basinindan-sok-iddia-israil-iranin-nukleer-tesislerine-saldiracak","status":"publish","type":"post","link":"https:\/\/ikimisli.tr\/index.php\/2025\/05\/06\/abd-basinindan-sok-iddia-israil-iranin-nukleer-tesislerine-saldiracak\/","title":{"rendered":"ABD bas\u0131n\u0131ndan \u015fok iddia: &#8216;\u0130srail, \u0130ran&#8217;\u0131n n\u00fckleer tesislerine sald\u0131racak"},"content":{"rendered":"<p>Wall Street Journal&#8217;\u0131n haberine nazaran ABD istihbarat te\u015fkilatlar\u0131n\u0131n Biden idaresinin son g\u00fcnlerinde haz\u0131rlanan bir raporunda, \u0130srail\u2019in bu y\u0131l \u0130ran\u2019\u0131n n\u00fckleer tesislerine b\u00fcy\u00fck \u00e7apl\u0131 ak\u0131nlar d\u00fczenlemeyi planlad\u0131\u011f\u0131n\u0131 tespit etti.<\/p>\n<p>Konuya a\u015fina yetkililere nazaran, \u0130srail bu ak\u0131nlar\u0131, \u0130ran\u2019\u0131n zay\u0131f oldu\u011fu bir devirde ger\u00e7ekle\u015ftirmek istiyor. \u0130stihbarat raporu, yeni y\u0131l civar\u0131nda Biden idaresinin sona ermesine yak\u0131n bir vakitte haz\u0131rland\u0131.<\/p>\n<p>De\u011ferlendirme, \u0130ran\u2019\u0131n son bir y\u0131l i\u00e7inde askeri g\u00fcc\u00fcnde ya\u015fad\u0131\u011f\u0131 kay\u0131plar sonras\u0131nda, Orta Do\u011fu\u2019daki y\u00fcksek riskli askeri faaliyetlerin artabilece\u011fini vurgulad\u0131.<\/p>\n<p><img decoding=\"async\" src=\"https:\/\/ikimisli.tr\/wp-content\/uploads\/2025\/05\/abd-basinindan-sok-iddia-israil-iranin-nukleer-tesislerine-saldiracak-0-eCZuVcFP.png\"\/><\/p>\n<p><b>\u0130SRA\u0130L G\u00d6Z\u00dc WASHINGTON&#8217;DA<\/b><\/p>\n<p>\u0130stihbarat tahliline nazaran \u0130srail, Trump idaresinden yapaca\u011f\u0131 ataklara takviye vermesini talep edecek. Yetkililer, \u0130srail\u2019in Trump\u2019\u0131 bu mevzuda daha istekli g\u00f6rd\u00fc\u011f\u00fcn\u00fc ve Biden idaresine k\u0131yasla askeri m\u00fcdahaleye daha s\u0131cak bakt\u0131\u011f\u0131n\u0131 belirtti.<\/p>\n<p>Ancak Trump, \u0130ran&#8217;la bir mutabakat yapmak istedi\u011fini ve &#8220;\u0130ran&#8217;\u0131n ba\u015far\u0131l\u0131 bir \u00fclke olarak b\u00fcy\u00fcmesini istedi\u011fini tabir etmi\u015fti. Bu g\u00f6r\u00fc\u015f, \u0130ran Dini Lideri Ayetullah Hamaney&#8217;in ABD ile g\u00f6r\u00fc\u015fmek istememesi sebebiyle de\u011fi\u015febilir.<\/p>\n<p>Dahas\u0131, Tahran\u2019\u0131n n\u00fckleer silah edinmesini durdurmak i\u00e7in vaktin darald\u0131\u011f\u0131na dair \u0130srail\u2019de artan bir tela\u015f oldu\u011fu tabir edildi.<\/p>\n<p>Tel-Aviv idaresi, n\u00fckleer tesisleri vurarak d\u00f6n\u00fclmez bir s\u00fcre\u00e7 ba\u015flatabilece\u011fini ABD&#8217;nin dayana\u011f\u0131n\u0131 alabilece\u011fini d\u00fc\u015f\u00fcn\u00fcyor.<\/p>\n<p><img decoding=\"async\" src=\"https:\/\/ikimisli.tr\/wp-content\/uploads\/2025\/05\/abd-basinindan-sok-iddia-israil-iranin-nukleer-tesislerine-saldiracak-1-FCjg9wqf.png\"\/><\/p>\n<p><b>&#8216;\u0130RAN SAVUNMASIZ&#8217;<\/b><\/p>\n<p>ABD istihbarat toplulu\u011fu, Trump idaresinin birinci g\u00fcnlerinde \u0130srail\u2019in \u0130ran\u2019daki n\u00fckleer tesislere h\u00fccum d\u00fczenleme ihtimaline dair ikinci bir rapor sundu.<\/p>\n<p>ABD askeri yetkilileri, \u0130srail\u2019in \u0130ran\u2019\u0131n a\u011f\u0131r tahkimatl\u0131 n\u00fckleer tesislerine sald\u0131rmas\u0131 durumunda ABD\u2019nin m\u00fchimmat ve askeri dayanak sa\u011flamas\u0131n\u0131n beklenen oldu\u011funu tabir etti. \u00a0<\/p>\n<p>\u0130srail Ba\u015fbakan\u0131 Binyamin Netanyahu\u2019nun ofisi yorum yapmay\u0131 reddetti. \u0130srail ordusu da bahisle ilgili a\u00e7\u0131klama yapmad\u0131. Lakin \u0130srailli yetkililer son periyotta \u0130ran\u2019a y\u00f6nelik daha agresif ad\u0131mlar at\u0131lmas\u0131 gerekti\u011fine dair iletiler veriyor.<\/p>\n<p>Kas\u0131m ay\u0131nda \u0130srail Savunma Bakan\u0131 Yoav Gallant, \u201c\u0130ran, n\u00fckleer tesislerine y\u00f6nelik ak\u0131nlar konusunda her zamankinden daha savunmas\u0131z durumda\u201d demi\u015fti. \u00a0<\/p>\n<p>Tahran, n\u00fckleer tesislerinin vurulmas\u0131 halinde misilleme yapaca\u011f\u0131n\u0131 ge\u00e7mi\u015fte tekraren lisana getirdi. Lakin \u0130ran, ge\u00e7en y\u0131l \u0130srail\u2019in askeri tesislerine y\u00f6nelik ak\u0131nlar\u0131n\u0131n akabinde ve Hizbullah ile Hamas \u00fczere b\u00f6lgesel vekil g\u00fc\u00e7lerinin a\u011f\u0131r kay\u0131plar vermesiyle de\u011ferli \u00f6l\u00e7\u00fcde zay\u0131flam\u0131\u015f durumda.<\/p>\n<p>\u0130srail\u2019in, \u0130ran\u2019\u0131n hava savunma sistemlerine ve silah \u00fcretim tesislerine d\u00fczenledi\u011fi ataklar da \u0130ran\u2019\u0131n askeri altyap\u0131s\u0131na b\u00fcy\u00fck ziyan verdi.<\/p>\n","protected":false},"excerpt":{"rendered":"<p>ABD istihbarat\u0131, \u0130srail\u2019in bu y\u0131l \u0130ran\u2019\u0131n n\u00fckleer tesislerine atak d\u00fczenlemeyi planlad\u0131\u011f\u0131n\u0131 tespit etti. Tel Aviv idaresi, Washington\u2019\u0131n dayana\u011f\u0131n\u0131 alarak Tahran\u2019\u0131n n\u00fckleer program\u0131n\u0131 durdurmay\u0131 hedefliyor. Washington ise, \u0130srail&#8217;e m\u00fchimmat ve lojistik takviyesi verebilece\u011finin sinyalini verdi.<\/p>\n","protected":false},"author":1,"featured_media":35262,"comment_status":"open","ping_status":"open","sticky":false,"template":"","format":"standard","meta":{"footnotes":""},"categories":[43],"tags":[927,138,618,80,211],"class_list":["post-35261","post","type-post","status-publish","format-standard","has-post-thumbnail","hentry","category-dunya","tag-askeri","tag-iran","tag-iranin","tag-israil","tag-saldirilar"],"_links":{"self":[{"href":"https:\/\/ikimisli.tr\/index.php\/wp-json\/wp\/v2\/posts\/35261","targetHints":{"allow":["GET"]}}],"collection":[{"href":"https:\/\/ikimisli.tr\/index.php\/wp-json\/wp\/v2\/posts"}],"about":[{"href":"https:\/\/ikimisli.tr\/index.php\/wp-json\/wp\/v2\/types\/post"}],"author":[{"embeddable":true,"href":"https:\/\/ikimisli.tr\/index.php\/wp-json\/wp\/v2\/users\/1"}],"replies":[{"embeddable":true,"href":"https:\/\/ikimisli.tr\/index.php\/wp-json\/wp\/v2\/comments?post=35261"}],"version-history":[{"count":1,"href":"https:\/\/ikimisli.tr\/index.php\/wp-json\/wp\/v2\/posts\/35261\/revisions"}],"predecessor-version":[{"id":35265,"href":"https:\/\/ikimisli.tr\/index.php\/wp-json\/wp\/v2\/posts\/35261\/revisions\/35265"}],"wp:featuredmedia":[{"embeddable":true,"href":"https:\/\/ikimisli.tr\/index.php\/wp-json\/wp\/v2\/media\/35262"}],"wp:attachment":[{"href":"https:\/\/ikimisli.tr\/index.php\/wp-json\/wp\/v2\/media?parent=35261"}],"wp:term":[{"taxonomy":"category","embeddable":true,"href":"https:\/\/ikimisli.tr\/index.php\/wp-json\/wp\/v2\/categories?post=35261"},{"taxonomy":"post_tag","embeddable":true,"href":"https:\/\/ikimisli.tr\/index.php\/wp-json\/wp\/v2\/tags?post=35261"}],"curies":[{"name":"wp","href":"https:\/\/api.w.org\/{rel}","templated":true}]}}