{"id":35382,"date":"2025-05-07T05:36:23","date_gmt":"2025-05-07T05:36:23","guid":{"rendered":"https:\/\/ikimisli.tr\/?p=35382"},"modified":"2025-05-07T05:36:23","modified_gmt":"2025-05-07T05:36:23","slug":"daha-once-yuk-tasidiklari-binada-bu-sefe-can-tasidilar","status":"publish","type":"post","link":"https:\/\/ikimisli.tr\/index.php\/2025\/05\/07\/daha-once-yuk-tasidiklari-binada-bu-sefe-can-tasidilar\/","title":{"rendered":"Daha \u00f6nce y\u00fck ta\u015f\u0131d\u0131klar\u0131 binada bu sefe can ta\u015f\u0131d\u0131lar"},"content":{"rendered":"<p>Garzan Mahallesi Kervan Caddesi&#8217;nde bulunan 10 katl\u0131 Y\u0131ld\u0131r\u0131m Apartman\u0131&#8217;nda, evvelki gece \u00e7\u0131kan yang\u0131nda a\u011f\u0131r duman nedeniyle bulunduklar\u0131 katlarda mahsur kalanlar, itfaiye ara\u00e7lar\u0131n\u0131n merdivenleri y\u00fcksek katlara ula\u015famay\u0131nca, daha evvel e\u015fyalar\u0131n\u0131 ta\u015f\u0131yan nakliye firmalar\u0131ndan yard\u0131m istendi.<\/p>\n<p>Bunun \u00fczerine yard\u0131m daveti yap\u0131lan binan\u0131n \u00f6n\u00fcne, il\u00e7edeki iki firmaya ili\u015fkin 3 nakliye asans\u00f6r\u00fc sevk edildi.<\/p>\n<p>\u0130tfaiye tak\u0131mlar\u0131nca ve Toplumsal Olaylara M\u00fcdahale Arac\u0131 ile yang\u0131na m\u00fcdahalenin s\u00fcrd\u00fc\u011f\u00fc saatlerde binada mahsur kalanlar\u0131n kurtar\u0131lmas\u0131 i\u00e7in de nakliye asans\u00f6rleri itfaiye ara\u00e7lar\u0131yla koordineli \u00e7al\u0131\u015fma y\u00fcr\u00fctt\u00fc.<\/p>\n<p>Zamanla yar\u0131\u015f\u0131lan saatlerde 20 daireden dolu oldu\u011fu tespit edilen 17&#8217;sindeki bina sakinlerinin inan\u00e7l\u0131 bi\u00e7imde tahliyesi yap\u0131l\u0131rken, dumandan etkilenenlerin de s\u00fcratle hastaneye sevk edilmesi sa\u011fland\u0131.<\/p>\n<p>Yakla\u015f\u0131k 30 ki\u015finin tahliye edildi\u011fi binada dumandan etkilenen 20 ki\u015fi Kurtalan Devlet Hastanesi&#8217;nde tedavi alt\u0131na al\u0131nd\u0131.<\/p>\n<p><b>&#8220;Nakliye asans\u00f6rlerinin gelmesiyle facian\u0131n \u00f6n\u00fcne ge\u00e7ildi&#8221;<\/b><\/p>\n<p>Binan\u0131n teras kat\u0131nda ya\u015fayan iki k\u0131z\u0131 nakliye asans\u00f6r\u00fcyle tahliye edilen baba Cabbar T\u00fcrkan, AA muhabirine, k\u0131zlar\u0131n\u0131n kendisini arayarak yang\u0131n \u00e7\u0131kt\u0131\u011f\u0131n\u0131 s\u00f6ylemesi \u00fczerine s\u00fcratle binan\u0131n \u00f6n\u00fcne gitti\u011fini belirtti.<\/p>\n<p>T\u00fcrkan, &#8220;Binaya geldi\u011fimizde buras\u0131 \u00e7ok kalabal\u0131kt\u0131 ve kimse i\u00e7eriye giremiyordu. \u00c7ocuklar, &#8216;Baba biz \u00f6l\u00fcyoruz, atlayaca\u011f\u0131z.&#8217; dediler. Onlar\u0131 biraz sakinle\u015ftirdik. \u00c7abucak i\u00e7eriye girip do\u011fal gaz\u0131 ve elektrik temaslar\u0131n\u0131 kestim.&#8221; diye konu\u015ftu.<\/p>\n<p>Duman\u0131n b\u00fct\u00fcn daireleri kaplad\u0131\u011f\u0131n\u0131 tabir eden T\u00fcrkan, balkonlara \u00e7\u0131kan bina sakinlerinin ba\u011f\u0131rarak yard\u0131m istedi\u011fini belirtti.<\/p>\n<p>\u0130tfaiye ara\u00e7lar\u0131n\u0131n merdiveninin \u00fcst katlara yeti\u015femedi\u011fini g\u00f6r\u00fcnce nakliye firmalar\u0131n\u0131 arad\u0131klar\u0131n\u0131 lisana getiren T\u00fcrkan, &#8220;Kurtar\u0131lmay\u0131 bekliyorlard\u0131. Sa\u011f olsun firmalar \u00e7abucak gelerek s\u00fcratli bir halde iki k\u0131z\u0131m da dahil olmak \u00fczere binadakileri tahliye etti. \u0130tfaiye grubunun ve nakliye asans\u00f6rlerinin gelmesiyle tahliyeleri sa\u011flad\u0131k. Nakliye asans\u00f6rlerinin \u00e7abucak gelmesiyle b\u00fcy\u00fck bir facian\u0131n \u00f6n\u00fcne ge\u00e7ildi.&#8221; dedi.<\/p>\n<p>Yang\u0131na m\u00fcdahalede ve mahsur kalanlar\u0131n tahliyesinde misyon alan herkese te\u015fekk\u00fcr eden T\u00fcrkan, &#8220;Nakliye firmalar\u0131na da ayr\u0131yeten te\u015fekk\u00fcr ediyoruz. Allah bir daha g\u00f6stermesin.&#8221; diye konu\u015ftu.<\/p>\n<p><b>&#8220;Daha evvel y\u00fck ta\u015f\u0131d\u0131\u011f\u0131m\u0131z binada bu sefer can ta\u015f\u0131d\u0131k&#8221;<\/b><\/p>\n<p>Nakliye firmas\u0131 i\u015fletmecilerinden Bekir Mikyas, evvelki gece bir \u00f6\u011fretmenin kendisini arayarak bir binada yang\u0131n \u00e7\u0131kt\u0131\u011f\u0131 bilgisini verdi\u011fini belirtti.<\/p>\n<p>\u0130l\u00e7ede hizmet veren bir \u00f6teki nakliye firmas\u0131n\u0131n \u00e7al\u0131\u015fanlar\u0131 ile s\u00fcratle olay yerine ge\u00e7tiklerini s\u00f6z eden Mikyas, \u015f\u00f6yle konu\u015ftu:<\/p>\n<p>&#8220;\u0130tfaiye arac\u0131n\u0131n merdiveni binan\u0131n y\u00fcksek katlar\u0131na ula\u015famay\u0131nca bizi \u00e7a\u011f\u0131rd\u0131lar. Biz de elimizden geleni yapt\u0131k. Tahliye \u00f6ncesi gerekli tedbirleri ald\u0131k. Vatanda\u015flar\u0131 tahliye ettik. Ola\u011fanda bu asans\u00f6r y\u00fck ta\u015f\u0131mak i\u00e7in lakin acil durumda bu halde hareket ettik. Bu t\u00fcrl\u00fc bir durum birinci kez ba\u015f\u0131m\u0131za geldi. Daha evvel y\u00fck ta\u015f\u0131d\u0131\u011f\u0131m\u0131z binada bu sefer can ta\u015f\u0131d\u0131k. Bizleri g\u00f6renler te\u015fekk\u00fcr ediyor. Haberlerde o gece yapt\u0131klar\u0131m\u0131z\u0131 g\u00f6rm\u00fc\u015fler. M\u00fcmk\u00fcn facian\u0131n \u00f6n\u00fcne ge\u00e7mek i\u00e7in \u00f6teki tak\u0131mlarla fedakarca \u00e7al\u0131\u015ft\u0131k. Allah bir daha g\u00f6stermesin.&#8221;<\/p>\n<p><b>&#8220;Bu makineler gelmeseydi oradaki insanlar\u0131n inme baht\u0131 yoktu&#8221;<\/b><\/p>\n<p>Takyettin G\u00fclmez de 15 y\u0131ld\u0131r nakliye i\u015fi ile u\u011fra\u015ft\u0131\u011f\u0131n\u0131, 4 y\u0131ldan bu yana da il\u00e7ede hizmet verdi\u011fini belirtti.<\/p>\n<p>Yang\u0131n s\u0131ras\u0131nda \u00e7ok say\u0131da \u015fah\u0131stan telefon ald\u0131klar\u0131n\u0131, arayanlar\u0131n tahliye i\u00e7in asans\u00f6re muhta\u00e7l\u0131k duyduklar\u0131n\u0131 belirtti\u011fini anlatan G\u00fclmez, bu talepler \u00fczerine s\u00fcratle b\u00f6lgeye intikal ettiklerini s\u00f6yledi.<\/p>\n<p>G\u00fclmez, \u015funlar\u0131 s\u00f6yledi:<\/p>\n<p>&#8220;Ara\u00e7lar\u0131m\u0131z\u0131 seferber ettik. Evvel gelip yolu a\u00e7t\u0131k, ara\u00e7lar sonradan geldi. Binan\u0131n 9. ve 10. katlar\u0131nda a\u011f\u0131r duman vard\u0131. Evvel 8. ve 9. katlarda bulunanlar\u0131 indirdik. Daha sonra s\u0131rayla \u00f6b\u00fcr katlardaki insanlar\u0131 tahliye ettik. Daha evvel bu t\u00fcrl\u00fc bir olayla kar\u015f\u0131la\u015fmad\u0131k fakat yang\u0131n durumunda bu bi\u00e7imde \u00e7al\u0131\u015ft\u0131k. Bu makineler gelmeseydi oradaki insanlar\u0131n inme baht\u0131 yoktu. Binadakilerin tamam\u0131n\u0131 tahliye ettik, s\u00fcreci problemsiz atlatt\u0131k. Bu \u00fcz\u00fcc\u00fc olayda can kayb\u0131n\u0131n olmamas\u0131 en b\u00fcy\u00fck teselli. \u0130l\u00e7emize b\u00fcy\u00fck ge\u00e7mi\u015f olsun diyoruz. Umar\u0131m bu cins olaylar \u00fclkemizin hi\u00e7bir yerinde ya\u015fanmaz. Bu binadakilerin \u00e7o\u011funlu\u011fu bizim hizmet verdi\u011fimiz insanlard\u0131. O nedenle daha evvel de tan\u0131\u015f\u0131yorduk. Bu t\u00fcrl\u00fc bir durumda onlar\u0131 o denli g\u00f6r\u00fcnce i\u00e7imiz burkuldu. Onlar\u0131 tahliye etmemiz gurur verici.&#8221;<\/p>\n<p>Siirt Belediyesi \u0130tfaiye M\u00fcd\u00fcr\u00fc Misbah Y\u0131lmaz da ihbar \u00fczerine kent merkezinden 3 ara\u00e7la il\u00e7eye hareket ettiklerini, il\u00e7edeki itfaiye ve ba\u015fka kurumlardan tak\u0131mlarla de koordineli halde yang\u0131na m\u00fcdahale ettiklerini belirtti.<\/p>\n<p>B\u00fct\u00fcn tak\u0131mlar\u0131n fedakarca u\u011fra\u015f etti\u011fi yang\u0131nda bina sakinlerinin tahliyesinde nakliye asans\u00f6rlerinin de misyon yapt\u0131\u011f\u0131n\u0131 lisana getiren Y\u0131lmaz, &#8220;Kendilerine te\u015fekk\u00fcr ediyoruz. Onlar\u0131n fedakarl\u0131\u011f\u0131 epeyce de\u011ferli.&#8221; dedi.<\/p>\n","protected":false},"excerpt":{"rendered":"<p>Siirt&#8217;in Kurtalan il\u00e7esinde 10 katl\u0131 binada \u00e7\u0131kan yang\u0131nda, y\u00fcksek katlarda mahsur kalanlar\u0131n daha evvel e\u015fyalar\u0131n\u0131n ta\u015f\u0131nd\u0131\u011f\u0131 nakliye asans\u00f6rleriyle tahliyesi, felaketi \u00f6nledi.<\/p>\n","protected":false},"author":1,"featured_media":35383,"comment_status":"open","ping_status":"open","sticky":false,"template":"","format":"standard","meta":{"footnotes":""},"categories":[25],"tags":[3256,449,5687,1466,64],"class_list":["post-35382","post","type-post","status-publish","format-standard","has-post-thumbnail","hentry","category-gundem","tag-duman","tag-itfaiye","tag-nakliye","tag-tahliye","tag-yangin"],"_links":{"self":[{"href":"https:\/\/ikimisli.tr\/index.php\/wp-json\/wp\/v2\/posts\/35382","targetHints":{"allow":["GET"]}}],"collection":[{"href":"https:\/\/ikimisli.tr\/index.php\/wp-json\/wp\/v2\/posts"}],"about":[{"href":"https:\/\/ikimisli.tr\/index.php\/wp-json\/wp\/v2\/types\/post"}],"author":[{"embeddable":true,"href":"https:\/\/ikimisli.tr\/index.php\/wp-json\/wp\/v2\/users\/1"}],"replies":[{"embeddable":true,"href":"https:\/\/ikimisli.tr\/index.php\/wp-json\/wp\/v2\/comments?post=35382"}],"version-history":[{"count":1,"href":"https:\/\/ikimisli.tr\/index.php\/wp-json\/wp\/v2\/posts\/35382\/revisions"}],"predecessor-version":[{"id":35384,"href":"https:\/\/ikimisli.tr\/index.php\/wp-json\/wp\/v2\/posts\/35382\/revisions\/35384"}],"wp:featuredmedia":[{"embeddable":true,"href":"https:\/\/ikimisli.tr\/index.php\/wp-json\/wp\/v2\/media\/35383"}],"wp:attachment":[{"href":"https:\/\/ikimisli.tr\/index.php\/wp-json\/wp\/v2\/media?parent=35382"}],"wp:term":[{"taxonomy":"category","embeddable":true,"href":"https:\/\/ikimisli.tr\/index.php\/wp-json\/wp\/v2\/categories?post=35382"},{"taxonomy":"post_tag","embeddable":true,"href":"https:\/\/ikimisli.tr\/index.php\/wp-json\/wp\/v2\/tags?post=35382"}],"curies":[{"name":"wp","href":"https:\/\/api.w.org\/{rel}","templated":true}]}}