{"id":35394,"date":"2025-05-07T06:24:13","date_gmt":"2025-05-07T06:24:13","guid":{"rendered":"https:\/\/ikimisli.tr\/?p=35394"},"modified":"2025-05-07T06:24:13","modified_gmt":"2025-05-07T06:24:13","slug":"tusiad-genel-kurulu-bu-sunumla-basladi-slayttaki-ayrintiya-dikkat","status":"publish","type":"post","link":"https:\/\/ikimisli.tr\/index.php\/2025\/05\/07\/tusiad-genel-kurulu-bu-sunumla-basladi-slayttaki-ayrintiya-dikkat\/","title":{"rendered":"T\u00dcS\u0130AD Genel Kurulu bu sunumla ba\u015flad\u0131:   Slayttaki ayr\u0131nt\u0131ya dikkat"},"content":{"rendered":"<p>T\u00fcrk Sanayicileri ve \u0130\u015f \u0130nsanlar\u0131 Derne\u011fi (T\u00dcS\u0130AD) bug\u00fcn ola\u011fan genel \u015furas\u0131n\u0131 ger\u00e7ekle\u015ftiriyor. T\u00dcS\u0130AD&#8217;\u0131n sunumu &#8216;Politik hayatta harikul\u00e2de olaylar&#8217; ba\u015fl\u0131kl\u0131 slaytla ba\u015flad\u0131. T\u00dcS\u0130AD Y\u00fcksek \u0130sti\u015fare Kurulu Ba\u015fkan\u0131<strong> \u00d6mer Aras<\/strong> konu\u015fmas\u0131nda da Zafer Partisi Genel Lideri <strong>\u00dcmit \u00d6zda\u011f&#8217;\u0131n<\/strong> tutuklanmas\u0131,\u0130stanbul B\u00fcy\u00fck\u015fehir Belediye Ba\u015fkan\u0131 <strong>Ekrem \u0130mamo\u011flu<\/strong> hakk\u0131nda soru\u015fturma ba\u015flat\u0131lmas\u0131,  &#8216;tekelle\u015fme&#8217; arg\u00fcmanlar\u0131yla hakk\u0131nda soru\u015fturma ba\u015flat\u0131lan menajer <strong>Ay\u015fe Bar\u0131m<\/strong>&#8216;\u0131n Seyahat Park\u0131 hareketlerinden tutuklanmas\u0131,  HALK TV Genel Yay\u0131n Y\u00f6netmeni <strong>Suat Tokta\u015f,<\/strong> tutuklanmas\u0131 ve ordudan ihra\u00e7 edilen gen\u00e7 te\u011fmenlere de\u011findi. <\/p>\n<p>Slaytta siyaset\u00e7ilerin, i\u015f insanlar\u0131n\u0131n ve gazetecilerin sorgulan\u0131p tutukland\u0131klar\u0131 belirtildi.<\/p>\n<p><b>T\u00dcS\u0130AD SUNUMUNDA TE\u011eMENLER DETAYI<\/b><\/p>\n<p>Sunumda Kara Harp Okulu&#8217;ndaki mezuniyet merasiminin akabinde k\u0131l\u0131\u00e7l\u0131 yemin eden ve &#8216;Mustafa Kemal&#8217;in askerleriyiz&#8217; diyen te\u011fmenlerin TSK&#8217;dan ihra\u00e7 edilmesine de yer verilmesi dikkat \u00e7ekti.<\/p>\n<p>Ola\u011fan\u00fcst\u00fc olaylar\u0131n toplumda tela\u015f yaratt\u0131\u011f\u0131 ve itimat sarst\u0131\u011f\u0131 lisana getirildi.  <br \/>S\u00f6z konusu slaytta &#8220;Tutuklulu\u011fun istisna de\u011fil kural haline gelmesi sorunu \u00e7\u00f6z\u00fclemiyor&#8221; de\u011ferlendirmesi yap\u0131ld\u0131. <\/p>\n<p><img decoding=\"async\" src=\"https:\/\/ikimisli.tr\/wp-content\/uploads\/2025\/05\/tusiad-genel-kurulu-bu-sunumla-basladi-slayttaki-ayrintiya-dikkat-0-pCjKcMty.jpeg\"\/><\/p>\n<p><b>&#8220;OLA\u011eAN\u00dcST\u00dc OLAYLAR YA\u015eIYORUZ&#8221;<\/b><\/p>\n<p>T\u00dcS\u0130AD Genel Kurulu\u2019nda konu\u015fan T\u00dcS\u0130AD Y\u00fcksek \u0130sti\u015fare Konseyi Ba\u015fkan\u0131 \u00d6mer Aras <br \/>\u201cSon haftalarda politik hayatta da inan\u0131lmaz olaylar ya\u015f\u0131yoruz.  Bir siyasi parti ba\u015fkan\u0131 hakk\u0131nda evvel soru\u015fturma ba\u015flat\u0131l\u0131yor sonra farkl\u0131 bir nedenle misyondan tutuklan\u0131yor. \u00c7ok say\u0131da sanatkar\u0131n menajerli\u011fini yapan bir i\u015f bayan\u0131 hakk\u0131nda evvel soru\u015fturma ba\u015flat\u0131l\u0131yor, sonra tutuklan\u0131yor. Bir b\u00fcy\u00fck\u015fehir belediye ba\u015fkan\u0131 hakk\u0131nda yapt\u0131\u011f\u0131 konu\u015fmalar nedeniyle bas\u0131n toplant\u0131s\u0131nda dakikalar sonra soru\u015fturma ba\u015flat\u0131l\u0131yor. Uzman g\u00f6r\u00fc\u015fmesini  yay\u0131nlayan gazeteciler g\u00f6zalt\u0131na al\u0131n\u0131yor. Genel yay\u0131n y\u00f6netmeni tutuklan\u0131yor. Te\u011fmenler ordudan ihra\u00e7 ediliyor. \u00c7ok k\u0131sa m\u00fcddette meydana gelen olaylar\u0131n bir k\u0131sm\u0131n\u0131 toplumda kayg\u0131 yaratt\u0131\u011f\u0131n\u0131 ve itimad\u0131 sarst\u0131\u011f\u0131n\u0131 s\u00f6yleyebiliriz. Ayr\u0131yeten tutuklulu\u011fun istisna de\u011fil kural haline gelmesi \u00fczere kangrenle\u015fmi\u015f bir sorunun kanunlar de\u011filse de \u00e7\u00f6z\u00fclmedi\u011fini g\u00f6r\u00fcyoruz.&#8221; dedi. <\/p>\n<p>Aras \u015fu tabirleri kulland\u0131:<\/p>\n<p>-Ki\u015fiyi \u00f6zg\u00fcrl\u00fc\u011f\u00fcnden yoksun edecek tutuklama ve isimli denetim kararlar\u0131n\u0131n ne derece titiz verilmesi gerekti\u011fini y\u0131llar sonra gelen beraat kararlar\u0131nda g\u00f6r\u00fcyoruz.<\/p>\n<p>-Bug\u00fcnk\u00fc tela\u015f ve g\u00fcvensizlik ortam\u0131na kar\u015f\u0131n \u00fclkenizin gelece\u011fi ile ilgili umudumuzu hi\u00e7 kaybetmiyoruz.<\/p>\n","protected":false},"excerpt":{"rendered":"<p>T\u00dcS\u0130AD Ola\u011fan Genel Konseyi&#8217;ndeki sunumda TSK&#8217;dan ihra\u00e7 edilen te\u011fmenlere, son g\u00fcnlerde ya\u015fanan tutuklamalara ve soru\u015fturmalara da yer verildi.<\/p>\n","protected":false},"author":1,"featured_media":35395,"comment_status":"open","ping_status":"open","sticky":false,"template":"","format":"standard","meta":{"footnotes":""},"categories":[24],"tags":[39,1334,5255,99,5689],"class_list":["post-35394","post","type-post","status-publish","format-standard","has-post-thumbnail","hentry","category-ekonomi","tag-baskani","tag-hakkinda","tag-olaylar","tag-sorusturma","tag-tusiad"],"_links":{"self":[{"href":"https:\/\/ikimisli.tr\/index.php\/wp-json\/wp\/v2\/posts\/35394","targetHints":{"allow":["GET"]}}],"collection":[{"href":"https:\/\/ikimisli.tr\/index.php\/wp-json\/wp\/v2\/posts"}],"about":[{"href":"https:\/\/ikimisli.tr\/index.php\/wp-json\/wp\/v2\/types\/post"}],"author":[{"embeddable":true,"href":"https:\/\/ikimisli.tr\/index.php\/wp-json\/wp\/v2\/users\/1"}],"replies":[{"embeddable":true,"href":"https:\/\/ikimisli.tr\/index.php\/wp-json\/wp\/v2\/comments?post=35394"}],"version-history":[{"count":1,"href":"https:\/\/ikimisli.tr\/index.php\/wp-json\/wp\/v2\/posts\/35394\/revisions"}],"predecessor-version":[{"id":35397,"href":"https:\/\/ikimisli.tr\/index.php\/wp-json\/wp\/v2\/posts\/35394\/revisions\/35397"}],"wp:featuredmedia":[{"embeddable":true,"href":"https:\/\/ikimisli.tr\/index.php\/wp-json\/wp\/v2\/media\/35395"}],"wp:attachment":[{"href":"https:\/\/ikimisli.tr\/index.php\/wp-json\/wp\/v2\/media?parent=35394"}],"wp:term":[{"taxonomy":"category","embeddable":true,"href":"https:\/\/ikimisli.tr\/index.php\/wp-json\/wp\/v2\/categories?post=35394"},{"taxonomy":"post_tag","embeddable":true,"href":"https:\/\/ikimisli.tr\/index.php\/wp-json\/wp\/v2\/tags?post=35394"}],"curies":[{"name":"wp","href":"https:\/\/api.w.org\/{rel}","templated":true}]}}