{"id":35417,"date":"2025-05-07T07:48:16","date_gmt":"2025-05-07T07:48:16","guid":{"rendered":"https:\/\/ikimisli.tr\/?p=35417"},"modified":"2025-05-07T07:48:16","modified_gmt":"2025-05-07T07:48:16","slug":"toplu-ulasimda-surpriz-60-65-yas-karari","status":"publish","type":"post","link":"https:\/\/ikimisli.tr\/index.php\/2025\/05\/07\/toplu-ulasimda-surpriz-60-65-yas-karari\/","title":{"rendered":"Toplu ula\u015f\u0131mda s\u00fcrpriz 60-65 ya\u015f karar\u0131"},"content":{"rendered":"<p>T\u00fcm \u00d6zel Halk Otob\u00fcsleri Kooperatifleri Birli\u011fi (T\u00d6HOB) ve Ankara \u00d6zel Halk Otob\u00fcs\u00e7\u00fcler Esnaf Odas\u0131 (\u00d6HO), ocak ay\u0131nda yapt\u0131klar\u0131 a\u00e7\u0131klama ile 1 \u015eubat 2025 tarihi prestijiyle Ankara&#8217;da faaliyet y\u00fcr\u00fcten \u00f6zel halk otob\u00fcslerinde indirimli yolcu nakliyecili\u011fine son verilece\u011fini ilan etmi\u015fti. <\/p>\n<p><img decoding=\"async\" src=\"https:\/\/ikimisli.tr\/wp-content\/uploads\/2025\/05\/toplu-ulasimda-surpriz-60-65-yas-karari-0-8pXlicwg.jpg\"\/><\/p>\n<p>Sosyal G\u00fcvenlik Kurumu (SGK) bor\u00e7lar\u0131 nedeniyle belediyelere uygulanan haciz s\u00fcre\u00e7lerinin akabinde kendilerine verilen dayanak \u00f6demelerinin durduruldu\u011funu belirten \u00f6zel halk otob\u00fcs\u00e7\u00fcleri, belediye ile yap\u0131lan g\u00f6r\u00fc\u015fmelerin akabinde kelam konusu uygulamay\u0131 15 \u015eubat&#8217;a ertelemi\u015fti. <\/p>\n<p><strong>\u0130ND\u0130R\u0130ML\u0130 YOLCU NAKL\u0130YEC\u0130L\u0130\u011e\u0130 DEVAM EDECEK <\/strong><\/p>\n<p>Cumartesi g\u00fcn\u00fc prestijiyle kentte hizmet veren toplu ula\u015f\u0131m ara\u00e7lar\u0131n\u0131n 60-65 ya\u015f ve \u00f6\u011frenci indirimli kartlar\u0131n\u0131 kabul etmeyece\u011fi d\u00fc\u015f\u00fcn\u00fcl\u00fcrken, kelam konusu sorun bug\u00fcn toplanan Ankara B\u00fcy\u00fck\u015fehir Belediyesi (ABB) Meclisi&#8217;nde tahlile kavu\u015fturuldu. <\/p>\n<p><img decoding=\"async\" src=\"https:\/\/ikimisli.tr\/wp-content\/uploads\/2025\/05\/toplu-ulasimda-surpriz-60-65-yas-karari-1-MVJAQjkP.jpg\"\/><\/p>\n<p>\u015eubat ay\u0131n\u0131n \u00fc\u00e7\u00fcnc\u00fc toplant\u0131s\u0131n\u0131 yapan ABB Meclisi, sene sonuna kadar \u00d6HO esnaf\u0131na gelir dayana\u011f\u0131n\u0131n devam etmesi istikametinde oy birli\u011fiyle karar ald\u0131. Toplant\u0131da al\u0131nan kararla, birebir vakitte etraf il\u00e7elerde hizmet veren \u00d6zel Toplu Ta\u015f\u0131ma Ara\u00e7lar\u0131 (\u00d6TA) i\u00e7in de tam fiyat ve indirimli tarifeler \u00fczerinden dayanak \u00f6demesi sa\u011flanacak. <\/p>\n","protected":false},"excerpt":{"rendered":"<p>Takviye \u00f6demelerinin kesilmesinin akabinde Ankara \u00d6zel Halk Otob\u00fcsleri, 15 \u015eubat prestijiyle indirimli yolcu ta\u015f\u0131mayaca\u011f\u0131n\u0131 duyurmu\u015ftu. Yasaklar\u0131n cumartesi g\u00fcn\u00fc ba\u015flamas\u0131 beklenirken, Ankara B\u00fcy\u00fck\u015fehir Belediyesi (ABB) Meclisi&#8217;nde bug\u00fcn al\u0131nan s\u00fcrpriz karar ile y\u0131l sonuna kadar \u00f6zel halk otob\u00fcs\u00e7\u00fclerine gelir takviyesi \u00f6demesi yap\u0131lmas\u0131 kararla\u015ft\u0131r\u0131ld\u0131.<\/p>\n","protected":false},"author":1,"featured_media":35418,"comment_status":"open","ping_status":"open","sticky":false,"template":"","format":"standard","meta":{"footnotes":""},"categories":[24],"tags":[],"class_list":["post-35417","post","type-post","status-publish","format-standard","has-post-thumbnail","hentry","category-ekonomi"],"_links":{"self":[{"href":"https:\/\/ikimisli.tr\/index.php\/wp-json\/wp\/v2\/posts\/35417","targetHints":{"allow":["GET"]}}],"collection":[{"href":"https:\/\/ikimisli.tr\/index.php\/wp-json\/wp\/v2\/posts"}],"about":[{"href":"https:\/\/ikimisli.tr\/index.php\/wp-json\/wp\/v2\/types\/post"}],"author":[{"embeddable":true,"href":"https:\/\/ikimisli.tr\/index.php\/wp-json\/wp\/v2\/users\/1"}],"replies":[{"embeddable":true,"href":"https:\/\/ikimisli.tr\/index.php\/wp-json\/wp\/v2\/comments?post=35417"}],"version-history":[{"count":1,"href":"https:\/\/ikimisli.tr\/index.php\/wp-json\/wp\/v2\/posts\/35417\/revisions"}],"predecessor-version":[{"id":35421,"href":"https:\/\/ikimisli.tr\/index.php\/wp-json\/wp\/v2\/posts\/35417\/revisions\/35421"}],"wp:featuredmedia":[{"embeddable":true,"href":"https:\/\/ikimisli.tr\/index.php\/wp-json\/wp\/v2\/media\/35418"}],"wp:attachment":[{"href":"https:\/\/ikimisli.tr\/index.php\/wp-json\/wp\/v2\/media?parent=35417"}],"wp:term":[{"taxonomy":"category","embeddable":true,"href":"https:\/\/ikimisli.tr\/index.php\/wp-json\/wp\/v2\/categories?post=35417"},{"taxonomy":"post_tag","embeddable":true,"href":"https:\/\/ikimisli.tr\/index.php\/wp-json\/wp\/v2\/tags?post=35417"}],"curies":[{"name":"wp","href":"https:\/\/api.w.org\/{rel}","templated":true}]}}