{"id":35422,"date":"2025-05-07T08:00:30","date_gmt":"2025-05-07T08:00:30","guid":{"rendered":"https:\/\/ikimisli.tr\/?p=35422"},"modified":"2025-05-07T08:00:30","modified_gmt":"2025-05-07T08:00:30","slug":"besar-esadin-oglu-moskovadan-paylasti-suriyeden-nasil-kactiklarini-anlatti","status":"publish","type":"post","link":"https:\/\/ikimisli.tr\/index.php\/2025\/05\/07\/besar-esadin-oglu-moskovadan-paylasti-suriyeden-nasil-kactiklarini-anlatti\/","title":{"rendered":"Be\u015far Esad&#8217;\u0131n o\u011flu Moskova&#8217;dan payla\u015ft\u0131: Suriye&#8217;den nas\u0131l ka\u00e7t\u0131klar\u0131n\u0131 anlatt\u0131"},"content":{"rendered":"<p>Suriye Devlet Ba\u015fkan\u0131 Be\u015far Esad\u2019\u0131n o\u011flu Haf\u0131z Esad, ailesinin \u015eam\u2019dan Moskova\u2019ya tahliyesine dair detaylar\u0131n\u0131 yeni a\u00e7t\u0131\u011f\u0131 Telegram hesab\u0131ndan payla\u015ft\u0131. O\u011ful Esad, t\u0131pk\u0131 vakitte Moskova&#8217;dan imgelerini de kanala ekledi.<\/p>\n<p>Esad, yapt\u0131\u011f\u0131 a\u00e7\u0131klamada, ailesinin Suriye\u2019yi terk etme istikametinde evvelden belirlenmi\u015f bir plan\u0131 olmad\u0131\u011f\u0131n\u0131 ve \u00fclkenin daha evvel de emsal tehditler ya\u015fad\u0131\u011f\u0131n\u0131 vurgulad\u0131.<\/p>\n<p>O\u011ful Esad &#8220;Kim ka\u00e7may\u0131 d\u00fc\u015f\u00fcn\u00fcyorsa, bunu \u00e7ok daha evvel yapard\u0131. \u015eam, y\u0131llarca ku\u015fatma alt\u0131nda kald\u0131, her g\u00fcn bombaland\u0131, ter\u00f6ristlerin merkeze ula\u015fma tehlikesi daima olarak hissedildi,&#8221; dedi.  <\/p>\n<p>Cumartesi g\u00fcn\u00fc a\u00e7\u0131lan Telegram hesab\u0131, 5 g\u00fcnde 16 bin 170 takip\u00e7iye ula\u015ft\u0131. Toplumsal medyada b\u00fcy\u00fck yank\u0131 uyand\u0131ran a\u00e7\u0131klamalar, Esad&#8217;lar\u0131n \u015eam&#8217;daki son anlar\u0131na \u0131\u015f\u0131k tuttu. <\/p>\n<p><img decoding=\"async\" src=\"https:\/\/ikimisli.tr\/wp-content\/uploads\/2025\/05\/besar-esadin-oglu-moskovadan-paylasti-suriyeden-nasil-kactiklarini-anlatti-0-K6MV9JYf.png\"\/><\/p>\n<p><b>Haf\u0131z Esad<\/b><\/p>\n<p><b>MOSKOVA&#8217;DAN D\u00d6NM\u00dc\u015e<\/b><\/p>\n<p>Be\u015far Esad&#8217;\u0131n o\u011flu Haf\u0131z Esad, 20 Kas\u0131m\u2019da doktora tezini savunmak \u00fczere Cham Wings Havayollar\u0131 u\u00e7a\u011f\u0131 ile Moskova\u2019ya u\u00e7tu\u011funu, annesi Esma Esad\u2019\u0131n ise yaz sonunda ge\u00e7irdi\u011fi kemik ili\u011fi nakli sonras\u0131 Moskova\u2019da tedavi g\u00f6rd\u00fc\u011f\u00fcn\u00fc belirtti.<\/p>\n<p>K\u00fc\u00e7\u00fck Esad&#8217;\u0131n plan\u0131, tez savunmas\u0131n\u0131n akabinde evraklar\u0131 tamamlamak i\u00e7in Moskova\u2019da bir m\u00fchlet daha kalmakt\u0131, lakin Suriye\u2019deki durumun berbatla\u015fmas\u0131 \u00fczerine 1 Aral\u0131k\u2019ta \u015eam\u2019a d\u00f6nd\u00fc.<\/p>\n<p>O\u011ful Esad, &#8220;Babam ve karde\u015fim Kerim\u2019in yan\u0131nda olmak i\u00e7in Suriye Havayollar\u0131 ile \u015eam\u2019a geri d\u00f6nd\u00fcm. Annem tedavisine devam etmek i\u00e7in Moskova\u2019da kald\u0131 ve k\u0131z karde\u015fim Zein ona e\u015flik etti,&#8221; diye yazd\u0131.  <\/p>\n<p>Haf\u0131z Esad, 7 Aral\u0131k Cumartesi g\u00fcn\u00fc ailesinin \u00fclkeyi terk etti\u011fine dair s\u00f6ylentilerin yay\u0131lmaya ba\u015flad\u0131\u011f\u0131n\u0131 s\u00f6yledi. Bu s\u0131rada karde\u015fi Kerim, \u015eam\u2019daki Y\u00fcksek Bilimler ve Teknoloji Enstit\u00fcs\u00fc&#8217;nde matematik imtihan\u0131na giriyordu ve sonraki g\u00fcn derslerine devam etmeyi planl\u0131yordu.<\/p>\n<p>Haf\u0131z k\u0131z karde\u015fi Zein ise, 8 Aral\u0131k Pazar g\u00fcn\u00fc Suriye Havayollar\u0131 ile \u015eam\u2019a d\u00f6nmek i\u00e7in bilet alm\u0131\u015ft\u0131. Bu esnada, Esad&#8217;lar\u0131n \u00fclkeden ka\u00e7t\u0131\u011f\u0131 toplumsal medyada yay\u0131lmaya ba\u015flad\u0131.<\/p>\n<p>Haf\u0131z, &#8220;Bu s\u00f6ylentilere kar\u015f\u0131l\u0131k olarak, Al-Muhajirin Mahallesi&#8217;ndeki Al-Nairabain Park\u0131&#8217;nda bir foto\u011fraf \u00e7ekip \u00f6zel Instagram hesab\u0131mda payla\u015ft\u0131m,&#8221; dedi.  <\/p>\n<p>Sosyal medyada \u00e7ok payla\u015f\u0131lan bu foto\u011fraf, Esad ailesinin kimi \u00fcyelerinin yakaland\u0131\u011f\u0131 ve tutukland\u0131\u011f\u0131 taraf\u0131nda tezler ortaya \u00e7\u0131kard\u0131. Fakat o\u011ful Esad, bu arg\u00fcmanlar\u0131n temelsiz oldu\u011funu \u00f6ne s\u00fcrd\u00fc.<\/p>\n<p><img decoding=\"async\" src=\"https:\/\/ikimisli.tr\/wp-content\/uploads\/2025\/05\/besar-esadin-oglu-moskovadan-paylasti-suriyeden-nasil-kactiklarini-anlatti-1-RaTYddja.jpg\"\/><\/p>\n<p><b>LAZK\u0130YE&#8217;YE KA\u00c7I\u015e<\/b><\/p>\n<p>Gece yar\u0131s\u0131ndan sonra, Rus yetkililer taraf\u0131ndan Esad ailesine Lazkiye&#8217;ye ge\u00e7meleri taraf\u0131nda bir talep iletildi.<\/p>\n<p>O\u011ful Esad, &#8220;Bir Rus yetkili konutumuza geldi ve babam\u0131n birka\u00e7 g\u00fcnl\u00fc\u011f\u00fcne Lazkiye\u2019ye ge\u00e7mesini istedi. Durumun \u015eam\u2019da \u00e7ok vahim bir hal ald\u0131\u011f\u0131n\u0131 ve cepheleri y\u00f6netmek i\u00e7in bu ad\u0131m\u0131n gerekli oldu\u011funu s\u00f6yledi,&#8221; tabirlerini kulland\u0131.<\/p>\n<p>Aile, kuzenlerini habersiz terk ettikleri arg\u00fcmanlar\u0131n\u0131 da yalanlad\u0131. Haf\u0131z Esad, &#8220;Onlar\u0131 \u015fahsen ben arad\u0131m. K\u0131sa m\u00fcddet sonra konutlar\u0131n\u0131n hizmetlilerinin, onlar\u0131n bilinmeyen bir yere g\u00f6t\u00fcrd\u00fcklerini \u00f6\u011frendik&#8221; dedi.  <\/p>\n<p>Esad ailesi, sabaha kar\u015f\u0131 3 civar\u0131nda \u015eam Memleketler aras\u0131 Havaliman\u0131\u2019na ula\u015ft\u0131. Havaliman\u0131n\u0131n b\u00fcsb\u00fct\u00fcn bo\u015f oldu\u011funu, denetim kulesi dahil hi\u00e7bir i\u015f\u00e7inin bulunmad\u0131\u011f\u0131n\u0131 belirten Esad, amcas\u0131 Maher Esad\u2019\u0131n da kendilerine kat\u0131ld\u0131\u011f\u0131n\u0131 s\u00f6yledi.<\/p>\n<p>O\u011ful Esad, &#8220;Rus askeri u\u00e7a\u011f\u0131na binerek Lazkiye\u2019deki Hmeymim \u00dcss\u00fc\u2019ne indik,&#8221; diyerek rotalar\u0131n\u0131 a\u00e7\u0131klad\u0131. Fakat burada da ba\u011flant\u0131 kesilmi\u015fti. Esad ailesinin ka\u00e7\u0131\u015f\u0131, Haf\u0131z Esad&#8217;a nazaran burada ba\u015flad\u0131.<\/p>\n<p><img decoding=\"async\" src=\"https:\/\/ikimisli.tr\/wp-content\/uploads\/2025\/05\/besar-esadin-oglu-moskovadan-paylasti-suriyeden-nasil-kactiklarini-anlatti-2-AHSmFZAk.jpg\"\/><\/p>\n<p><b>&#8216;KONTROLDEN \u00c7IKTI&#8217;<\/b><\/p>\n<p>K\u00fc\u00e7\u00fck Esad, &#8220;Ba\u015fkanl\u0131k konutuna gitmemiz gerekiyordu, lakin oradaki t\u00fcm telefonlar kapal\u0131yd\u0131. Birebir anda, cephelerden geri \u00e7ekilme haberleri gelmeye ba\u015flad\u0131. \u00dcsse y\u00f6nelik \u0130HA ak\u0131nlar\u0131 ve silah sesleri giderek artt\u0131,&#8221; kelamlar\u0131yla o geceyi anlatt\u0131.<\/p>\n<p>\u00d6\u011fleden sonra \u00fcss\u00fcn komuta kademesi, Suriye\u2019nin b\u00fcsb\u00fct\u00fcn denetimsiz hale geldi\u011fini bildirdi. &#8220;Bize, \u00fcss\u00fc terk etmemizin art\u0131k m\u00fcmk\u00fcn olmad\u0131\u011f\u0131n\u0131 s\u00f6ylediler. Ter\u00f6ristler her yere yay\u0131lm\u0131\u015ft\u0131, orduyla ba\u011flant\u0131 b\u00fcsb\u00fct\u00fcn kesilmi\u015fti. Durumun denetim edilemez hale geldi\u011fini s\u00f6ylediler,&#8221; s\u00f6zlerini kulland\u0131.<\/p>\n<p>Esad ailesiyle ilgili karar Moskova taraf\u0131ndan al\u0131nd\u0131. Rus askeri yetkililer, k\u0131sa m\u00fcddet sonra ailenin tahliye edilmesine karar verdi.<\/p>\n<p>K\u00fc\u00e7\u00fck Esad, &#8220;Bizi bir Rus askeri u\u00e7a\u011f\u0131na bindirerek Moskova\u2019ya g\u00f6nderdiler. Gece ge\u00e7 saatlerde Rusya\u2019ya vard\u0131k,&#8221; diyerek a\u00e7\u0131klamalar\u0131n\u0131 bitirdi.<\/p>\n<p><img decoding=\"async\" src=\"https:\/\/ikimisli.tr\/wp-content\/uploads\/2025\/05\/besar-esadin-oglu-moskovadan-paylasti-suriyeden-nasil-kactiklarini-anlatti-3-1fspQNpk.png\"\/><\/p>\n<p><b>ESAD A\u0130LES\u0130N\u0130N TELEGRAM SEVDASI<\/b><\/p>\n<p>Devrik Be\u015far Esad&#8217;da, daha evvel misal te\u011fe halde 8 Ekim g\u00fcn\u00fc olan olaylar hakk\u0131nda a\u00e7\u0131klama yapm\u0131\u015ft\u0131. Eski Suriye Ba\u015fkanl\u0131k hesab\u0131ndan g\u00fcnler sonra yaz\u0131l\u0131 a\u00e7\u0131klama yapan Be\u015far Esad, \u00fclkeyi zorunda oldu\u011fu i\u00e7in terk etti\u011fini, hatta zorland\u0131\u011f\u0131n\u0131 s\u00f6z etmi\u015fti.<\/p>\n<p>Bir g\u00fcn geri d\u00f6nece\u011fini ve &#8220;halk\u0131n\u0131n yeterlili\u011fi i\u00e7in Ba\u015fkanl\u0131\u011f\u0131 kendi iste\u011fiyle b\u0131rakt\u0131\u011f\u0131n\u0131&#8221; tez eden Baba Esad&#8217;dan o vakitten beri bir haber al\u0131namad\u0131.<\/p>\n<p>O\u011ful Esad&#8217;\u0131n a\u00e7\u0131klamalar\u0131, toplumsal medyada \u00e7ok payla\u015f\u0131ld\u0131. Esad ailesinin tam ak\u0131beti hala bilinmezken, Moskova&#8217;da ya\u015fad\u0131klar\u0131 bu bi\u00e7imde kat\u0131la\u015ft\u0131.<\/p>\n","protected":false},"excerpt":{"rendered":"<p>Devrik Be\u015far Esad&#8217;\u0131n o\u011flu Haf\u0131z Esad, ailesinin \u015eam\u2019dan Moskova\u2019ya ka\u00e7\u0131\u015f\u0131na dair ayr\u0131nt\u0131lar\u0131 Telegram hesab\u0131ndan payla\u015ft\u0131. O\u011ful Esad, \u00fclkeyi terk etme planlar\u0131n\u0131n olmad\u0131\u011f\u0131n\u0131 savunarak, tahliyenin Rus yetkililerin talebiyle ger\u00e7ekle\u015fti\u011fini \u00f6ne s\u00fcrd\u00fc. A\u00e7\u0131klamalar, Esad rejiminin \u00e7\u00f6k\u00fc\u015f s\u00fcrecine dair yeni sorular do\u011furdu.<\/p>\n","protected":false},"author":1,"featured_media":35423,"comment_status":"open","ping_status":"open","sticky":false,"template":"","format":"standard","meta":{"footnotes":""},"categories":[43],"tags":[5693,4117,89,5692,2364],"class_list":["post-35422","post","type-post","status-publish","format-standard","has-post-thumbnail","hentry","category-dunya","tag-ailesinin","tag-esad","tag-gun","tag-moskova","tag-sam"],"_links":{"self":[{"href":"https:\/\/ikimisli.tr\/index.php\/wp-json\/wp\/v2\/posts\/35422","targetHints":{"allow":["GET"]}}],"collection":[{"href":"https:\/\/ikimisli.tr\/index.php\/wp-json\/wp\/v2\/posts"}],"about":[{"href":"https:\/\/ikimisli.tr\/index.php\/wp-json\/wp\/v2\/types\/post"}],"author":[{"embeddable":true,"href":"https:\/\/ikimisli.tr\/index.php\/wp-json\/wp\/v2\/users\/1"}],"replies":[{"embeddable":true,"href":"https:\/\/ikimisli.tr\/index.php\/wp-json\/wp\/v2\/comments?post=35422"}],"version-history":[{"count":1,"href":"https:\/\/ikimisli.tr\/index.php\/wp-json\/wp\/v2\/posts\/35422\/revisions"}],"predecessor-version":[{"id":35428,"href":"https:\/\/ikimisli.tr\/index.php\/wp-json\/wp\/v2\/posts\/35422\/revisions\/35428"}],"wp:featuredmedia":[{"embeddable":true,"href":"https:\/\/ikimisli.tr\/index.php\/wp-json\/wp\/v2\/media\/35423"}],"wp:attachment":[{"href":"https:\/\/ikimisli.tr\/index.php\/wp-json\/wp\/v2\/media?parent=35422"}],"wp:term":[{"taxonomy":"category","embeddable":true,"href":"https:\/\/ikimisli.tr\/index.php\/wp-json\/wp\/v2\/categories?post=35422"},{"taxonomy":"post_tag","embeddable":true,"href":"https:\/\/ikimisli.tr\/index.php\/wp-json\/wp\/v2\/tags?post=35422"}],"curies":[{"name":"wp","href":"https:\/\/api.w.org\/{rel}","templated":true}]}}