{"id":35439,"date":"2025-05-07T08:48:31","date_gmt":"2025-05-07T08:48:31","guid":{"rendered":"https:\/\/ikimisli.tr\/?p=35439"},"modified":"2025-05-07T08:48:31","modified_gmt":"2025-05-07T08:48:31","slug":"esini-sokak-ortasinda-vurdu-kursun-geldi-mi-ben-havaya-ates-actim-dedi","status":"publish","type":"post","link":"https:\/\/ikimisli.tr\/index.php\/2025\/05\/07\/esini-sokak-ortasinda-vurdu-kursun-geldi-mi-ben-havaya-ates-actim-dedi\/","title":{"rendered":"E\u015fini sokak ortas\u0131nda vurdu: &#8216;Kur\u015fun geldi mi? Ben havaya ate\u015f a\u00e7t\u0131m&#8217; dedi"},"content":{"rendered":"<p>Olay, d\u00fcn ak\u015fam saatlerinde G\u00fczelyurt Mahallesi 215\u2019inci Sokak\u2019ta meydana geldi. Di\u015f klini\u011finde \u00e7al\u0131\u015fan Servet Par\u0131lt\u0131 \u015eahin, i\u015f \u00e7\u0131k\u0131\u015f\u0131 bir m\u00fchlet evvel bo\u015fand\u0131\u011f\u0131 eski e\u015fi Emre Y. ile sokakta kar\u015f\u0131la\u015ft\u0131. 2 \u00e7ocuklar\u0131 bulunan eski e\u015fler ortas\u0131nda bilinmeyen nedenle tart\u0131\u015fma \u00e7\u0131kt\u0131. Tart\u0131\u015fma k\u0131sa m\u00fcddette arbedeye d\u00f6n\u00fc\u015ft\u00fc. Emre Y., \u00fczerindeki tabanca ile \u015eahin\u2019e 3 el ate\u015f etti. Karn\u0131ndan tek kur\u015funla yaralanan Servet Par\u0131lt\u0131 \u015eahin, ka\u00e7arak etraftaki bir i\u015f yerine s\u0131\u011f\u0131nd\u0131. Etraftakilerin ihbar\u0131 \u00fczerine olay yerine polis ve s\u0131hhat tak\u0131mlar\u0131 sevk edildi. Birinci m\u00fcdahalesinin akabinde \u015eahin, Nev\u015fehir Devlet Hastanesi&#8217;ne kald\u0131r\u0131lan Servet Par\u0131lt\u0131 \u015eahin, kurtar\u0131lamad\u0131. Ka\u00e7an Emre Y. ise bir m\u00fchlet sonra polise teslim oldu.<\/p>\n<p><b><strong>&#8216;TABANCAYLA HAVAYA ATE\u015e A\u00c7TI\u011eIM \u0130\u00c7\u0130N TESL\u0130M OLDUM&#8217;<\/strong><\/b><\/p>\n<p>G\u00f6zalt\u0131ndaki \u015f\u00fcphelinin emniyette verdi\u011fi tabirde, &#8220;Bo\u015fanma mahkemesinin karar\u0131na nazaran her hafta \u00e7ocuklar\u0131m\u0131 g\u00f6rebilme hakk\u0131na sahipken bana 4 ayd\u0131r \u00e7ocuklar\u0131m\u0131 g\u00f6stermedi. Ben bug\u00fcn i\u015fim gere\u011fi perde \u00f6l\u00e7\u00fcs\u00fc almak i\u00e7in 200 Meskenler yolu \u00fczerinde araba ile seyir halindeyken tesad\u00fcfen eski i\u015fim Servet I\u015f\u0131k \u015eahin ile kar\u015f\u0131la\u015ft\u0131m. Arac\u0131 onun yan\u0131nda durdurdum. Kendisine 4 ayd\u0131r \u00e7ocuklar\u0131m\u0131 g\u00f6remedi\u011fini ve bu nedenle psikolojimin bozuldu\u011funu s\u00f6yledim. O da bana &#8216;250 bin TL para verirsen \u00e7ocuklar\u0131 g\u00f6steririm, yoksa git&#8217; dedi. Ayr\u0131yeten seni vurdurturum diyerek \u00fczerime sald\u0131rd\u0131. Ben de bu esnada ka\u00e7arken arac\u0131n bagaj\u0131n\u0131 a\u00e7t\u0131m ve ruhsats\u0131z tabancayla bana sald\u0131rmamas\u0131 i\u00e7in havaya hakikat ate\u015f a\u00e7t\u0131m. Sonras\u0131nda polis merkezine gelerek teslim oldum. Servet Ziya&#8217;ya mermilerin isabet edip etmedi\u011fini bilmiyordum. Burada \u00f6\u011frendim. Tabancayla havaya ate\u015f a\u00e7t\u0131\u011f\u0131m i\u00e7in teslim oldum. Olayla ilgili pi\u015fman ve \u00fczg\u00fcn\u00fcm&#8221; dedi.<\/p>\n<p><b><strong>\u2018\u00c7OCUKLARI G\u00d6STERM\u0130YOR D\u0130YE B\u0130R \u015eEY YOKTU\u2019<\/strong><\/b><\/p>\n<p>Nev\u015fehir Devlet Hastanesi&#8217;nde otopsi s\u00fcre\u00e7leri s\u00fcren Servet I\u015f\u0131k \u015eahin&#8217;in kuzeni Hasan \u015eahin, ya\u015fanan olay nedeniyle \u00fczg\u00fcn olduklar\u0131n\u0131 belirterek, &#8220;Servet Par\u0131lt\u0131 e\u015fiyle ayr\u0131lm\u0131\u015ft\u0131. Kendisini katleden eski e\u015fidir. Servet I\u015f\u0131k di\u015f klini\u011finde \u00e7al\u0131\u015f\u0131yor, 2 \u00e7ocu\u011fu bulunuyordu. \u00c7ocuklar\u0131m\u0131z yetim ve \u00f6ks\u00fcz kald\u0131. Servet Ziya&#8217;n\u0131n ve ailesinin \u00e7ocuklar\u0131 g\u00f6stermiyor diye bir \u015feyi yoktu&#8221; tabirlerini kulland\u0131.<\/p>\n<p><b>OLAY ANI KAMERADA<\/b><\/p>\n<p>\u00d6te yandan sokakta tart\u0131\u015ft\u0131\u011f\u0131 eski e\u015fi taraf\u0131ndan silahl\u0131 taarruza u\u011frayan \u015eahin\u2019in vurulduktan sonra i\u015f yerine s\u0131\u011f\u0131nd\u0131\u011f\u0131 anlar ise g\u00fcvenlik kameras\u0131na yans\u0131d\u0131.<\/p>\n","protected":false},"excerpt":{"rendered":"<p>Nev\u015fehir&#8217;de sokakta kar\u015f\u0131la\u015ft\u0131\u011f\u0131 26 ya\u015f\u0131ndaki eski e\u015fi Servet I\u015f\u0131k \u015eahin&#8217;i tabanca ile vurarak \u00f6ld\u00fcren Emre Y.&#8217;nin emniyetteki tabiri ortaya \u00e7\u0131kt\u0131. E\u015finin \u00e7ocuklar\u0131 4 ayd\u0131r kendisine g\u00f6stermedi\u011fini \u00f6ne s\u00fcren, tart\u0131\u015fman\u0131n da bu nedenle \u00e7\u0131kt\u0131\u011f\u0131n\u0131 s\u00f6yleyen Emre Y., \u201cSeni vurdurturum diyerek \u00fczerime sald\u0131rd\u0131. Ben de bu esnada ka\u00e7arken arac\u0131n bagaj\u0131n\u0131 a\u00e7t\u0131m ve ruhsats\u0131z tabancayla bana sald\u0131rmamas\u0131 i\u00e7in havaya yanl\u0131\u015fs\u0131z ate\u015f a\u00e7t\u0131m. Servet Ziya&#8217;ya mermilerin isabet edip etmedi\u011fini bilmiyordum\u201d dedi.<\/p>\n","protected":false},"author":1,"featured_media":35440,"comment_status":"open","ping_status":"open","sticky":false,"template":"","format":"standard","meta":{"footnotes":""},"categories":[25],"tags":[1054,524,171,5697],"class_list":["post-35439","post","type-post","status-publish","format-standard","has-post-thumbnail","hentry","category-gundem","tag-eski","tag-is","tag-olay","tag-servet-nur-sahin"],"_links":{"self":[{"href":"https:\/\/ikimisli.tr\/index.php\/wp-json\/wp\/v2\/posts\/35439","targetHints":{"allow":["GET"]}}],"collection":[{"href":"https:\/\/ikimisli.tr\/index.php\/wp-json\/wp\/v2\/posts"}],"about":[{"href":"https:\/\/ikimisli.tr\/index.php\/wp-json\/wp\/v2\/types\/post"}],"author":[{"embeddable":true,"href":"https:\/\/ikimisli.tr\/index.php\/wp-json\/wp\/v2\/users\/1"}],"replies":[{"embeddable":true,"href":"https:\/\/ikimisli.tr\/index.php\/wp-json\/wp\/v2\/comments?post=35439"}],"version-history":[{"count":1,"href":"https:\/\/ikimisli.tr\/index.php\/wp-json\/wp\/v2\/posts\/35439\/revisions"}],"predecessor-version":[{"id":35441,"href":"https:\/\/ikimisli.tr\/index.php\/wp-json\/wp\/v2\/posts\/35439\/revisions\/35441"}],"wp:featuredmedia":[{"embeddable":true,"href":"https:\/\/ikimisli.tr\/index.php\/wp-json\/wp\/v2\/media\/35440"}],"wp:attachment":[{"href":"https:\/\/ikimisli.tr\/index.php\/wp-json\/wp\/v2\/media?parent=35439"}],"wp:term":[{"taxonomy":"category","embeddable":true,"href":"https:\/\/ikimisli.tr\/index.php\/wp-json\/wp\/v2\/categories?post=35439"},{"taxonomy":"post_tag","embeddable":true,"href":"https:\/\/ikimisli.tr\/index.php\/wp-json\/wp\/v2\/tags?post=35439"}],"curies":[{"name":"wp","href":"https:\/\/api.w.org\/{rel}","templated":true}]}}