{"id":35546,"date":"2025-05-07T14:36:15","date_gmt":"2025-05-07T14:36:15","guid":{"rendered":"https:\/\/ikimisli.tr\/?p=35546"},"modified":"2025-05-07T14:36:15","modified_gmt":"2025-05-07T14:36:15","slug":"almanyada-bir-arac-kalabaliga-daldi-yaralilar-var","status":"publish","type":"post","link":"https:\/\/ikimisli.tr\/index.php\/2025\/05\/07\/almanyada-bir-arac-kalabaliga-daldi-yaralilar-var\/","title":{"rendered":"Almanya&#8217;da bir ara\u00e7 kalabal\u0131\u011fa dald\u0131: Yaral\u0131lar var"},"content":{"rendered":"<p>Almanya&#8217;n\u0131n M\u00fcnih kentinde bir ara\u00e7, kalabal\u0131\u011f\u0131n ortas\u0131na dald\u0131. 15 ki\u015finin yaraland\u0131\u011f\u0131 aktar\u0131lan olay sonucu polis soru\u015fturma ba\u015flatt\u0131.<\/p>\n<p><img decoding=\"async\" src=\"https:\/\/ikimisli.tr\/wp-content\/uploads\/2025\/05\/almanyada-bir-arac-kalabaliga-daldi-yaralilar-var-0-AY64umNP.jpg\"\/><\/p>\n<p>B\u00f6lgeyi kordona alan polis gruplar\u0131, olay\u0131n bir h\u00fccum olma ihtimalini ara\u015ft\u0131r\u0131yor.<\/p>\n","protected":false},"excerpt":{"rendered":"<p>Almanya&#8217;da bir ara\u00e7 kalabal\u0131\u011fa dald\u0131. En az 15 ki\u015fi yaraland\u0131. Polis olay yerini kordona ald\u0131.<\/p>\n","protected":false},"author":1,"featured_media":35547,"comment_status":"open","ping_status":"open","sticky":false,"template":"","format":"standard","meta":{"footnotes":""},"categories":[43],"tags":[],"class_list":["post-35546","post","type-post","status-publish","format-standard","has-post-thumbnail","hentry","category-dunya"],"_links":{"self":[{"href":"https:\/\/ikimisli.tr\/index.php\/wp-json\/wp\/v2\/posts\/35546","targetHints":{"allow":["GET"]}}],"collection":[{"href":"https:\/\/ikimisli.tr\/index.php\/wp-json\/wp\/v2\/posts"}],"about":[{"href":"https:\/\/ikimisli.tr\/index.php\/wp-json\/wp\/v2\/types\/post"}],"author":[{"embeddable":true,"href":"https:\/\/ikimisli.tr\/index.php\/wp-json\/wp\/v2\/users\/1"}],"replies":[{"embeddable":true,"href":"https:\/\/ikimisli.tr\/index.php\/wp-json\/wp\/v2\/comments?post=35546"}],"version-history":[{"count":1,"href":"https:\/\/ikimisli.tr\/index.php\/wp-json\/wp\/v2\/posts\/35546\/revisions"}],"predecessor-version":[{"id":35549,"href":"https:\/\/ikimisli.tr\/index.php\/wp-json\/wp\/v2\/posts\/35546\/revisions\/35549"}],"wp:featuredmedia":[{"embeddable":true,"href":"https:\/\/ikimisli.tr\/index.php\/wp-json\/wp\/v2\/media\/35547"}],"wp:attachment":[{"href":"https:\/\/ikimisli.tr\/index.php\/wp-json\/wp\/v2\/media?parent=35546"}],"wp:term":[{"taxonomy":"category","embeddable":true,"href":"https:\/\/ikimisli.tr\/index.php\/wp-json\/wp\/v2\/categories?post=35546"},{"taxonomy":"post_tag","embeddable":true,"href":"https:\/\/ikimisli.tr\/index.php\/wp-json\/wp\/v2\/tags?post=35546"}],"curies":[{"name":"wp","href":"https:\/\/api.w.org\/{rel}","templated":true}]}}