{"id":35683,"date":"2025-05-07T22:48:17","date_gmt":"2025-05-07T22:48:17","guid":{"rendered":"https:\/\/ikimisli.tr\/?p=35683"},"modified":"2025-05-07T22:48:17","modified_gmt":"2025-05-07T22:48:17","slug":"kayip-fabrika-iscisi-ormanda-olu-bulundu-en-son-gorustugu-kisi-cinayeti-sorguda-itiraf-etti","status":"publish","type":"post","link":"https:\/\/ikimisli.tr\/index.php\/2025\/05\/07\/kayip-fabrika-iscisi-ormanda-olu-bulundu-en-son-gorustugu-kisi-cinayeti-sorguda-itiraf-etti\/","title":{"rendered":"Kay\u0131p fabrika i\u015f\u00e7isi ormanda \u00f6l\u00fc bulundu: En son g\u00f6r\u00fc\u015ft\u00fc\u011f\u00fc ki\u015fi, cinayeti sorguda itiraf etti"},"content":{"rendered":"<p>Kocaeli&#8217;nin Gebze il\u00e7esinde bir fabrikada emek\u00e7i olarak \u00e7al\u0131\u015fan Murat Y\u00fcz\u00fcak\u2019\u0131n 5 Ocak\u2019ta konuttan \u00e7\u0131kt\u0131ktan sonra geri d\u00f6nmedi.<\/p>\n<p>Kocaeli Emniyet M\u00fcd\u00fcrl\u00fc\u011f\u00fc Cinayet Ofis Amirli\u011fi gruplar\u0131, e\u015finin ihbar\u0131 \u00fczerine Y\u00fcz\u00fcak\u2019\u0131n bulunmas\u0131 i\u00e7in \u00e7al\u0131\u015fma ba\u015flatt\u0131.<\/p>\n<p>\u00c7al\u0131\u015fma kapsam\u0131nda Y\u00fcz\u00fcak\u2019\u0131n en son g\u00f6r\u00fc\u015ft\u00fc\u011f\u00fc belirlenen R.G. ve M.A. g\u00f6zalt\u0131na al\u0131nd\u0131. \u015e\u00fcphelilerin sorgusunda Murat Y\u00fcz\u00fcak\u2019\u0131n bor\u00e7lu oldu\u011fu R.G. taraf\u0131ndan \u00f6ld\u00fcr\u00fcld\u00fc\u011f\u00fc ortaya \u00e7\u0131kt\u0131.<\/p>\n<p>\u015e\u00fcpheliler emniyetteki sorgular\u0131 sonras\u0131 adliyeye sevk edildi.<\/p>\n","protected":false},"excerpt":{"rendered":"<p>Kocaeli&#8217;de kay\u0131p olarak aranan 48 ya\u015f\u0131ndaki Murat Y\u00fcz\u00fcak\u2019\u0131n ormanda cans\u0131z v\u00fccudu bulundu. Bir fabrikada personel olan Y\u00fcz\u00fcak\u2019\u0131n bor\u00e7 sorunu nedeniyle \u00f6ld\u00fcr\u00fcld\u00fc\u011f\u00fc belirlenirken, R.G. ve M.A. isimli 2 \u015fah\u0131s g\u00f6zalt\u0131na al\u0131nd\u0131.<\/p>\n","protected":false},"author":1,"featured_media":35684,"comment_status":"open","ping_status":"open","sticky":false,"template":"","format":"standard","meta":{"footnotes":""},"categories":[25],"tags":[],"class_list":["post-35683","post","type-post","status-publish","format-standard","has-post-thumbnail","hentry","category-gundem"],"_links":{"self":[{"href":"https:\/\/ikimisli.tr\/index.php\/wp-json\/wp\/v2\/posts\/35683","targetHints":{"allow":["GET"]}}],"collection":[{"href":"https:\/\/ikimisli.tr\/index.php\/wp-json\/wp\/v2\/posts"}],"about":[{"href":"https:\/\/ikimisli.tr\/index.php\/wp-json\/wp\/v2\/types\/post"}],"author":[{"embeddable":true,"href":"https:\/\/ikimisli.tr\/index.php\/wp-json\/wp\/v2\/users\/1"}],"replies":[{"embeddable":true,"href":"https:\/\/ikimisli.tr\/index.php\/wp-json\/wp\/v2\/comments?post=35683"}],"version-history":[{"count":1,"href":"https:\/\/ikimisli.tr\/index.php\/wp-json\/wp\/v2\/posts\/35683\/revisions"}],"predecessor-version":[{"id":35685,"href":"https:\/\/ikimisli.tr\/index.php\/wp-json\/wp\/v2\/posts\/35683\/revisions\/35685"}],"wp:featuredmedia":[{"embeddable":true,"href":"https:\/\/ikimisli.tr\/index.php\/wp-json\/wp\/v2\/media\/35684"}],"wp:attachment":[{"href":"https:\/\/ikimisli.tr\/index.php\/wp-json\/wp\/v2\/media?parent=35683"}],"wp:term":[{"taxonomy":"category","embeddable":true,"href":"https:\/\/ikimisli.tr\/index.php\/wp-json\/wp\/v2\/categories?post=35683"},{"taxonomy":"post_tag","embeddable":true,"href":"https:\/\/ikimisli.tr\/index.php\/wp-json\/wp\/v2\/tags?post=35683"}],"curies":[{"name":"wp","href":"https:\/\/api.w.org\/{rel}","templated":true}]}}