{"id":35690,"date":"2025-05-07T23:12:18","date_gmt":"2025-05-07T23:12:18","guid":{"rendered":"https:\/\/ikimisli.tr\/?p=35690"},"modified":"2025-05-07T23:12:18","modified_gmt":"2025-05-07T23:12:18","slug":"imrali-heyeti-selahattin-demirtas-ile-gorustu","status":"publish","type":"post","link":"https:\/\/ikimisli.tr\/index.php\/2025\/05\/07\/imrali-heyeti-selahattin-demirtas-ile-gorustu\/","title":{"rendered":"\u0130mral\u0131 Heyeti, Selahattin Demirta\u015f ile g\u00f6r\u00fc\u015ft\u00fc!"},"content":{"rendered":"<p>DEM Parti \u0130mral\u0131 heyeti, Selahattin Demirta\u015f ile g\u00f6r\u00fc\u015ft\u00fc.\u00a0 DEM Parti g\u00f6r\u00fc\u015fmeye ait a\u00e7\u0131klama yapt\u0131. Yap\u0131lan a\u00e7\u0131klamada &#8220;\u00c7\u00f6z\u00fcm aray\u0131\u015flar\u0131na ait gelinen son kademede g\u00f6r\u00fc\u015f ve teklifler al\u0131nd\u0131&#8221; s\u00f6zleri kullan\u0131ld\u0131.<\/p>\n","protected":false},"excerpt":{"rendered":"<p>DEM Parti \u0130mral\u0131 Heyeti, Edirne Kapal\u0131 Cezaevinde bulunan Selahattin Demirta\u015f ile g\u00f6r\u00fc\u015ft\u00fc.<\/p>\n","protected":false},"author":1,"featured_media":35691,"comment_status":"open","ping_status":"open","sticky":false,"template":"","format":"standard","meta":{"footnotes":""},"categories":[25],"tags":[],"class_list":["post-35690","post","type-post","status-publish","format-standard","has-post-thumbnail","hentry","category-gundem"],"_links":{"self":[{"href":"https:\/\/ikimisli.tr\/index.php\/wp-json\/wp\/v2\/posts\/35690","targetHints":{"allow":["GET"]}}],"collection":[{"href":"https:\/\/ikimisli.tr\/index.php\/wp-json\/wp\/v2\/posts"}],"about":[{"href":"https:\/\/ikimisli.tr\/index.php\/wp-json\/wp\/v2\/types\/post"}],"author":[{"embeddable":true,"href":"https:\/\/ikimisli.tr\/index.php\/wp-json\/wp\/v2\/users\/1"}],"replies":[{"embeddable":true,"href":"https:\/\/ikimisli.tr\/index.php\/wp-json\/wp\/v2\/comments?post=35690"}],"version-history":[{"count":1,"href":"https:\/\/ikimisli.tr\/index.php\/wp-json\/wp\/v2\/posts\/35690\/revisions"}],"predecessor-version":[{"id":35692,"href":"https:\/\/ikimisli.tr\/index.php\/wp-json\/wp\/v2\/posts\/35690\/revisions\/35692"}],"wp:featuredmedia":[{"embeddable":true,"href":"https:\/\/ikimisli.tr\/index.php\/wp-json\/wp\/v2\/media\/35691"}],"wp:attachment":[{"href":"https:\/\/ikimisli.tr\/index.php\/wp-json\/wp\/v2\/media?parent=35690"}],"wp:term":[{"taxonomy":"category","embeddable":true,"href":"https:\/\/ikimisli.tr\/index.php\/wp-json\/wp\/v2\/categories?post=35690"},{"taxonomy":"post_tag","embeddable":true,"href":"https:\/\/ikimisli.tr\/index.php\/wp-json\/wp\/v2\/tags?post=35690"}],"curies":[{"name":"wp","href":"https:\/\/api.w.org\/{rel}","templated":true}]}}