{"id":35693,"date":"2025-05-07T23:24:18","date_gmt":"2025-05-07T23:24:18","guid":{"rendered":"https:\/\/ikimisli.tr\/?p=35693"},"modified":"2025-05-07T23:24:18","modified_gmt":"2025-05-07T23:24:18","slug":"diyarbakirda-ust-aramasi-yapmak-isteyen-bekcilere-ates-actilar-olu-ve-yaralilar-var","status":"publish","type":"post","link":"https:\/\/ikimisli.tr\/index.php\/2025\/05\/07\/diyarbakirda-ust-aramasi-yapmak-isteyen-bekcilere-ates-actilar-olu-ve-yaralilar-var\/","title":{"rendered":"Diyarbak\u0131r&#8217;da \u00fcst aramas\u0131 yapmak isteyen bek\u00e7ilere ate\u015f a\u00e7t\u0131lar: \u00d6l\u00fc ve yaral\u0131lar var"},"content":{"rendered":"<p>Diyarbak\u0131r&#8217;\u0131n Ba\u011flar il\u00e7esi \u015eeyh\u015famil Mahallesi&#8217;nde 6 bek\u00e7inin yaya devriyesi s\u0131ras\u0131nda bir arac\u0131n etraf\u0131nda 3 ki\u015finin birbirine ba\u011f\u0131rarak konu\u015ftu\u011funu g\u00f6rd\u00fc.<\/p>\n<p>Bek\u00e7iler \u00fcst aramas\u0131 yapmak istedikleri s\u0131rada, \u00f6b\u00fcr 3 ki\u015finin silahla kendilerine ger\u00e7ek geldiklerini fark etti.<\/p>\n<p>Bek\u00e7iler &#8216;dur&#8217; ihtar\u0131nda bulunurken, \u015f\u00fcpheliler ikaza uymad\u0131. Bunun \u00fczerine bek\u00e7iler, havaya ikaz ate\u015fi a\u00e7t\u0131.<\/p>\n<p>Ka\u00e7an \u015f\u00fcphelilerden 1&#8217;nin ate\u015f etmesi sonucu \u00e7at\u0131\u015fma \u00e7\u0131kt\u0131. \u00c7at\u0131\u015fmada \u015f\u00fcphelilerden A. D., M.A. ve bek\u00e7i M.E. yaraland\u0131. \u0130hbarla olay yerine s\u0131hhat ve polis tak\u0131mlar\u0131 sevk edildi.<\/p>\n<p>Hastaneye kald\u0131r\u0131lan yaral\u0131lardan A.D. kurtar\u0131lamazken, 1&#8217;i bek\u00e7i 2 yaral\u0131n\u0131n hastanedeki tedavisi s\u00fcr\u00fcyor. Olaya ait 1 ki\u015fi g\u00f6zalt\u0131na al\u0131n\u0131rken, \u015f\u00fcphelilerin ka\u00e7arken att\u0131\u011f\u0131 1 ruhsats\u0131z tabanca ele ge\u00e7irildi.<\/p>\n<p>Soru\u015fturma ve \u00f6teki \u015f\u00fcphelilerin yakalanmas\u0131 i\u00e7in \u00e7al\u0131\u015fmalar s\u00fcr\u00fcyor.<\/p>\n","protected":false},"excerpt":{"rendered":"<p>Diyarbak\u0131r&#8217;da \u00fcst aramas\u0131 yapmak isteyen bek\u00e7ilerin \u00fczerine yanl\u0131\u015fs\u0131z silahla gelen 3 \u015fah\u0131stan birinin ate\u015f a\u00e7mas\u0131 sonucu \u00e7at\u0131\u015fma \u00e7\u0131kt\u0131. \u00c7at\u0131\u015fmada \u015fah\u0131slardan 1&#8217;i \u00f6mr\u00fcn\u00fc yitirirken, 1&#8217;i bek\u00e7i, 2 ki\u015fi de yaraland\u0131.<\/p>\n","protected":false},"author":1,"featured_media":35694,"comment_status":"open","ping_status":"open","sticky":false,"template":"","format":"standard","meta":{"footnotes":""},"categories":[25],"tags":[5725,2251],"class_list":["post-35693","post","type-post","status-publish","format-standard","has-post-thumbnail","hentry","category-gundem","tag-bekci","tag-supheliler"],"_links":{"self":[{"href":"https:\/\/ikimisli.tr\/index.php\/wp-json\/wp\/v2\/posts\/35693","targetHints":{"allow":["GET"]}}],"collection":[{"href":"https:\/\/ikimisli.tr\/index.php\/wp-json\/wp\/v2\/posts"}],"about":[{"href":"https:\/\/ikimisli.tr\/index.php\/wp-json\/wp\/v2\/types\/post"}],"author":[{"embeddable":true,"href":"https:\/\/ikimisli.tr\/index.php\/wp-json\/wp\/v2\/users\/1"}],"replies":[{"embeddable":true,"href":"https:\/\/ikimisli.tr\/index.php\/wp-json\/wp\/v2\/comments?post=35693"}],"version-history":[{"count":1,"href":"https:\/\/ikimisli.tr\/index.php\/wp-json\/wp\/v2\/posts\/35693\/revisions"}],"predecessor-version":[{"id":35695,"href":"https:\/\/ikimisli.tr\/index.php\/wp-json\/wp\/v2\/posts\/35693\/revisions\/35695"}],"wp:featuredmedia":[{"embeddable":true,"href":"https:\/\/ikimisli.tr\/index.php\/wp-json\/wp\/v2\/media\/35694"}],"wp:attachment":[{"href":"https:\/\/ikimisli.tr\/index.php\/wp-json\/wp\/v2\/media?parent=35693"}],"wp:term":[{"taxonomy":"category","embeddable":true,"href":"https:\/\/ikimisli.tr\/index.php\/wp-json\/wp\/v2\/categories?post=35693"},{"taxonomy":"post_tag","embeddable":true,"href":"https:\/\/ikimisli.tr\/index.php\/wp-json\/wp\/v2\/tags?post=35693"}],"curies":[{"name":"wp","href":"https:\/\/api.w.org\/{rel}","templated":true}]}}