{"id":35704,"date":"2025-05-08T00:00:18","date_gmt":"2025-05-08T00:00:18","guid":{"rendered":"https:\/\/ikimisli.tr\/?p=35704"},"modified":"2025-05-08T00:00:18","modified_gmt":"2025-05-08T00:00:18","slug":"tusiadin-cikisina-iktidardan-ilk-yanit","status":"publish","type":"post","link":"https:\/\/ikimisli.tr\/index.php\/2025\/05\/08\/tusiadin-cikisina-iktidardan-ilk-yanit\/","title":{"rendered":"T\u00dcS\u0130AD&#8217;\u0131n \u00e7\u0131k\u0131\u015f\u0131na iktidardan ilk yan\u0131t!"},"content":{"rendered":"<p>T\u00dcS\u0130AD\u2019\u0131n bug\u00fcn ger\u00e7ekle\u015fen Genel Heyet Toplant\u0131s\u0131&#8217;ndaki yap\u0131lan a\u00e7\u0131klamalar g\u00fcndeme oturdu. \u201cPolitik hayatta harikul\u00e2de olaylar\u201d ba\u015fl\u0131kl\u0131 sunumda son vakitlerde gazeteciler, i\u015f insanlar\u0131 ve siyaset\u00e7ilere y\u00f6nelik bask\u0131lar ile TSK\u2019dan ihra\u00e7 edilen te\u011fmenlere yer verildi. <\/p>\n<p>T\u00dcS\u0130AD Y\u00fcksek \u0130sti\u015fare Konseyi Ba\u015fkan\u0131 \u00d6mer Aras, &#8220;\u00dclke olarak moralimiz bozuk. \u0130nan\u00e7 buhran\u0131 ya\u015f\u0131yoruz.  Kartalkaya&#8217;da 78 can\u0131m\u0131z yanarak hayat\u0131n\u0131 kaybetti. Yang\u0131n \u00e7\u0131kabilir fakat 78 ki\u015fi \u00f6lmez.  \u00d6l\u00fcyorsa nedeni yordam\u0131na uygun yap\u0131lmayan binalar ve denetimsizliktir.  \u00c7\u00f6ken bir sistemdir. Bu olay yak\u0131n tarihte oldu\u011fu i\u00e7in \u015fimdi y\u00fcreklerimizde.&#8221; dedi.<\/p>\n<p><b>&#8220;SORUMLULAR VAZ\u0130FEDEN AYRILMALI, HESAP VERMEL\u0130&#8221;<\/b><\/p>\n<p>Kurallar\u0131m\u0131z vard\u0131r lakin uymayan \u00e7oktur, k\u00e2fi kontrol yoktur. Bu \u00f6l\u00fcmlerin ana nedeni sistem bozuklu\u011fudur. Maliyeti g\u00fcvenli\u011fin \u00f6n\u00fcne koyan i\u015f sahipleri, hak etmedi\u011fi koltu\u011fa oturan \u00f6zel kesim i\u015f insanlar\u0131 ve kamu y\u00f6neticileridir.  Onlar\u0131n yaratt\u0131\u011f\u0131 ve uygulad\u0131\u011f\u0131 sistemdir.  Bu sistemin nas\u0131l d\u00fczelece\u011fi \u00e7ok net belirlidir. Sistemin kendi kendini d\u00fczeltme sistemi olmal\u0131d\u0131r. Sorumlular misyondan ayr\u0131lmal\u0131, hesap vermeli ve yerlerine ehil \u015fah\u0131slar gelmelidir<\/p>\n<p>Son haftalarda politik hayatta da harikul\u00e2de olaylar ya\u015f\u0131yoruz. Se\u00e7ilmi\u015f belediye liderleri misyondan al\u0131n\u0131yor yerlerine kayyum atan\u0131yor. Bir siyasi parti ba\u015fkan\u0131 hakk\u0131nda evvel soru\u015fturma ba\u015flat\u0131l\u0131yor sonra farkl\u0131 bir nedenle tutuklan\u0131yor. Bir\u00e7ok sanatkar\u0131n menajerli\u011fini yapan bir i\u015f bayan\u0131 hakk\u0131nda evvel soru\u015fturma ba\u015flat\u0131l\u0131yor sonra farkl\u0131 bir nedenle tutuklan\u0131yor.<\/p>\n<p><b>B\u0130L\u0130RK\u0130\u015e\u0130 SORU\u015eTURMALARINA ELE\u015eT\u0130R\u0130<\/b><\/p>\n<p>Bir b\u00fcy\u00fck\u015fehir belediye ba\u015fkan\u0131 hakk\u0131nda, yapt\u0131\u011f\u0131 konu\u015fmalar nedeniyle bas\u0131n toplant\u0131s\u0131ndan dakikalar sonra soru\u015fturmalar a\u00e7\u0131l\u0131yor. Eksper g\u00f6r\u00fc\u015fmesini yay\u0131nlayan gazeteciler g\u00f6zalt\u0131na al\u0131n\u0131yor, genel yay\u0131n y\u00f6netmeni tutuklan\u0131yor.<\/p>\n<p><b>\u0130LK YANIT ADALET BAKANI TUN\u00c7&#8217;TAN GELD\u0130<\/b><\/p>\n<p>Yap\u0131lan a\u00e7\u0131klamaya iktidar kanad\u0131ndan ilk a\u00e7\u0131klama Adalet Bakan\u0131 Y\u0131lmaz Tun\u00e7&#8217;tan geldi. Tun\u00e7, toplumsal medyadan \u015fu a\u00e7\u0131klamay\u0131 yapt\u0131: <\/p>\n<p>&#8220;T\u00fcrkiye Cumhuriyeti bir hukuk devletidir. <\/p>\n<p>Hi\u00e7bir kurum, kurulu\u015f yahut \u00e7\u0131kar k\u00fcmesi, ulusal iradenin \u00fczerinde de\u011fildir. <\/p>\n<p>Demokratik sistemimizin temel ta\u015flar\u0131ndan biri, kuvvetler ayr\u0131l\u0131\u011f\u0131 ve yarg\u0131n\u0131n ba\u011f\u0131ms\u0131zl\u0131\u011f\u0131d\u0131r. <\/p>\n<p>Yarg\u0131 s\u00fcre\u00e7leri \u00fczerinde hi\u00e7bir bask\u0131y\u0131 kabul etmedi\u011fimiz \u00fczere yarg\u0131y\u0131 etkilemeye y\u00f6nelik her t\u00fcrl\u00fc te\u015febb\u00fcse kar\u015f\u0131 oldu\u011fumuzu herkesin \u00e7ok d\u00fczg\u00fcn bilmesi gerekir. <\/p>\n<p>Sivil toplum kurulu\u015flar\u0131n\u0131n g\u00f6r\u00fc\u015f a\u00e7\u0131klamas\u0131 elbette demokratik bir hak olmakla birlikte, yarg\u0131y\u0131 ve siyaseti y\u00f6nlendirme eforlar\u0131, demokrasinin ruhuna ve hukukun \u00fcst\u00fcnl\u00fc\u011f\u00fc prensibine al\u0131\u015f\u0131lmam\u0131\u015ft\u0131r. <\/p>\n<p>Demokrasi yaln\u0131zca belirli \u00e7evrelerin de\u011fil, topyek\u00fbn milletin ve devletin ortak emanetidir. <\/p>\n<p>T\u00fcrkiye eski T\u00fcrkiye de\u011fildir. <\/p>\n<p>Ayr\u0131cal\u0131kl\u0131 k\u0131s\u0131mlar\u0131n taraf verdi\u011fi T\u00fcrkiye\u2019nin art\u0131k geride kald\u0131\u011f\u0131n\u0131 anlamayanlar \u015funu bilmelidir ki; <br \/>Hi\u00e7 kimse yahut hi\u00e7bir kurulu\u015f, kendisini milletin iradesinin ve hukukun \u00fcst\u00fcnde g\u00f6remez.<\/p>\n<p>Hukuk sistemine y\u00f6nelik her t\u00fcrl\u00fc m\u00fcdahale te\u015febb\u00fcs\u00fcne kar\u015f\u0131, bug\u00fcne kadar oldu\u011fu \u00fczere bundan sonra da hukuk \u00e7er\u00e7evesinde en g\u00fc\u00e7l\u00fc halde kar\u015f\u0131l\u0131k verece\u011fimizden hi\u00e7 kimsenin ku\u015fkusu olmas\u0131n.&#8221;<\/p>\n","protected":false},"excerpt":{"rendered":"<p>T\u00dcS\u0130AD\u2019\u0131n bug\u00fcn ger\u00e7ekle\u015fen Genel Heyet Toplant\u0131s\u0131&#8217;ndaki yap\u0131lan a\u00e7\u0131klamalar g\u00fcndeme oturdu. Yap\u0131lan a\u00e7\u0131klamaya ilk tepki Adalet Bakan\u0131 Y\u0131lmaz Tun\u00e7&#8217;tan geldi.<\/p>\n","protected":false},"author":1,"featured_media":35705,"comment_status":"open","ping_status":"open","sticky":false,"template":"","format":"standard","meta":{"footnotes":""},"categories":[25],"tags":[228,1042,302,1929,4841],"class_list":["post-35704","post","type-post","status-publish","format-standard","has-post-thumbnail","hentry","category-gundem","tag-hak","tag-hic","tag-hukuk","tag-sistem","tag-yon"],"_links":{"self":[{"href":"https:\/\/ikimisli.tr\/index.php\/wp-json\/wp\/v2\/posts\/35704","targetHints":{"allow":["GET"]}}],"collection":[{"href":"https:\/\/ikimisli.tr\/index.php\/wp-json\/wp\/v2\/posts"}],"about":[{"href":"https:\/\/ikimisli.tr\/index.php\/wp-json\/wp\/v2\/types\/post"}],"author":[{"embeddable":true,"href":"https:\/\/ikimisli.tr\/index.php\/wp-json\/wp\/v2\/users\/1"}],"replies":[{"embeddable":true,"href":"https:\/\/ikimisli.tr\/index.php\/wp-json\/wp\/v2\/comments?post=35704"}],"version-history":[{"count":1,"href":"https:\/\/ikimisli.tr\/index.php\/wp-json\/wp\/v2\/posts\/35704\/revisions"}],"predecessor-version":[{"id":35706,"href":"https:\/\/ikimisli.tr\/index.php\/wp-json\/wp\/v2\/posts\/35704\/revisions\/35706"}],"wp:featuredmedia":[{"embeddable":true,"href":"https:\/\/ikimisli.tr\/index.php\/wp-json\/wp\/v2\/media\/35705"}],"wp:attachment":[{"href":"https:\/\/ikimisli.tr\/index.php\/wp-json\/wp\/v2\/media?parent=35704"}],"wp:term":[{"taxonomy":"category","embeddable":true,"href":"https:\/\/ikimisli.tr\/index.php\/wp-json\/wp\/v2\/categories?post=35704"},{"taxonomy":"post_tag","embeddable":true,"href":"https:\/\/ikimisli.tr\/index.php\/wp-json\/wp\/v2\/tags?post=35704"}],"curies":[{"name":"wp","href":"https:\/\/api.w.org\/{rel}","templated":true}]}}