{"id":35722,"date":"2025-05-08T01:12:20","date_gmt":"2025-05-08T01:12:20","guid":{"rendered":"https:\/\/ikimisli.tr\/?p=35722"},"modified":"2025-05-08T01:12:20","modified_gmt":"2025-05-08T01:12:20","slug":"imam-hatip-lisesinde-korku-dolu-anlar-her-sey-ogrenciler-dersteyken-oldu","status":"publish","type":"post","link":"https:\/\/ikimisli.tr\/index.php\/2025\/05\/08\/imam-hatip-lisesinde-korku-dolu-anlar-her-sey-ogrenciler-dersteyken-oldu\/","title":{"rendered":"\u0130mam Hatip lisesinde korku dolu anlar: Her \u015fey \u00f6\u011frenciler dersteyken oldu"},"content":{"rendered":"<p>\u015eanl\u0131urfa&#8217;n\u0131n Siverek il\u00e7esinde Molla Ramazan Anadolu \u0130mam Hatip Lisesi&#8217;nin istinat duvar\u0131 y\u0131k\u0131ld\u0131.<\/p>\n<p>\u00d6\u011frencilerin derste olduklar\u0131 esnada meydana gelen olay\u0131n akabinde etrafta g\u00fcvenlik tedbiri al\u0131n\u0131rken okuldaki \u00f6\u011frenciler tahliye edildi.<\/p>\n<p>Siverek Kaymakam\u0131 Musa Aydemir, b\u00f6lgede inceleme yaparak yetkililerden bahse ait bilgi ald\u0131.<\/p>\n<p><img decoding=\"async\" src=\"https:\/\/ikimisli.tr\/wp-content\/uploads\/2025\/05\/imam-hatip-lisesinde-korku-dolu-anlar-her-sey-ogrenciler-dersteyken-oldu-0-lXN6XFEM.jpg\"\/><\/p>\n<p>Kaymakaml\u0131ktan yap\u0131lan a\u00e7\u0131klamada, \u015funlar kaydedildi:<\/p>\n<p>&#8220;Molla Ramazan Anadolu \u0130mam Hatip Lisesi istinat duvar\u0131n\u0131n bilinmeyen bir sebeple \u00e7\u00f6kmesi \u00fczerine acil bir formda inceleme yap\u0131lm\u0131\u015f olup, okul etraf\u0131nda g\u00fcvenlik g\u00fc\u00e7lerimiz ile gerekli tedbirler al\u0131narak \u00f6\u011frencilerimizin tahliyesi sa\u011flanm\u0131\u015f, husus ile ilgili uzman tak\u0131mlar y\u00f6nlendirilmi\u015ftir. \u00c7\u00f6ken istinat duvar\u0131nda rastgele bir \u00f6\u011frenci, \u00f6\u011fretmen veya personelimiz yaralanmam\u0131\u015f olup ilgili gerekli \u00e7al\u0131\u015fmalar ba\u015flat\u0131lm\u0131\u015ft\u0131r.&#8221;<\/p>\n<p>\u00d6te yandan istinat duvar\u0131n\u0131n y\u0131k\u0131lma an\u0131 g\u00fcvenlik kameralar\u0131nca g\u00f6r\u00fcnt\u00fclendi.<\/p>\n","protected":false},"excerpt":{"rendered":"<p>\u015eanl\u0131urfa&#8217;da bir imam hatip lisesinde \u00f6\u011frenciler dersteyken okulun istinat duvar\u0131 y\u0131k\u0131ld\u0131.<\/p>\n","protected":false},"author":1,"featured_media":35723,"comment_status":"open","ping_status":"open","sticky":false,"template":"","format":"standard","meta":{"footnotes":""},"categories":[25],"tags":[],"class_list":["post-35722","post","type-post","status-publish","format-standard","has-post-thumbnail","hentry","category-gundem"],"_links":{"self":[{"href":"https:\/\/ikimisli.tr\/index.php\/wp-json\/wp\/v2\/posts\/35722","targetHints":{"allow":["GET"]}}],"collection":[{"href":"https:\/\/ikimisli.tr\/index.php\/wp-json\/wp\/v2\/posts"}],"about":[{"href":"https:\/\/ikimisli.tr\/index.php\/wp-json\/wp\/v2\/types\/post"}],"author":[{"embeddable":true,"href":"https:\/\/ikimisli.tr\/index.php\/wp-json\/wp\/v2\/users\/1"}],"replies":[{"embeddable":true,"href":"https:\/\/ikimisli.tr\/index.php\/wp-json\/wp\/v2\/comments?post=35722"}],"version-history":[{"count":1,"href":"https:\/\/ikimisli.tr\/index.php\/wp-json\/wp\/v2\/posts\/35722\/revisions"}],"predecessor-version":[{"id":35725,"href":"https:\/\/ikimisli.tr\/index.php\/wp-json\/wp\/v2\/posts\/35722\/revisions\/35725"}],"wp:featuredmedia":[{"embeddable":true,"href":"https:\/\/ikimisli.tr\/index.php\/wp-json\/wp\/v2\/media\/35723"}],"wp:attachment":[{"href":"https:\/\/ikimisli.tr\/index.php\/wp-json\/wp\/v2\/media?parent=35722"}],"wp:term":[{"taxonomy":"category","embeddable":true,"href":"https:\/\/ikimisli.tr\/index.php\/wp-json\/wp\/v2\/categories?post=35722"},{"taxonomy":"post_tag","embeddable":true,"href":"https:\/\/ikimisli.tr\/index.php\/wp-json\/wp\/v2\/tags?post=35722"}],"curies":[{"name":"wp","href":"https:\/\/api.w.org\/{rel}","templated":true}]}}