{"id":35763,"date":"2025-05-08T03:24:15","date_gmt":"2025-05-08T03:24:15","guid":{"rendered":"https:\/\/ikimisli.tr\/?p=35763"},"modified":"2025-05-08T03:24:15","modified_gmt":"2025-05-08T03:24:15","slug":"vatandastan-simseke-tepki-acaba-sokaga-inmis-mi-kent-lokantalarindaki-halk-ekmekteki-sirayi-gormus-mu","status":"publish","type":"post","link":"https:\/\/ikimisli.tr\/index.php\/2025\/05\/08\/vatandastan-simseke-tepki-acaba-sokaga-inmis-mi-kent-lokantalarindaki-halk-ekmekteki-sirayi-gormus-mu\/","title":{"rendered":"Vatanda\u015ftan \u015eim\u015fek&#8217;e tepki: &#8220;Acaba soka\u011fa inmi\u015f mi? Kent Lokantalar\u0131ndaki, Halk Ekmek&#8217;teki s\u0131ray\u0131 g\u00f6rm\u00fc\u015f m\u00fc?&#8221;"},"content":{"rendered":"<p>Cumhurba\u015fkan\u0131 Recep Tayyip Erdo\u011fan ve Hazine ve Maliye Bakan\u0131 Mehmet \u015eim\u015fek\u2019in, &#8220;uygulanan iktisat program\u0131 sonucu \u015fiddetli s\u00fcrecin geride kald\u0131\u011f\u0131&#8221; taraf\u0131ndaki a\u00e7\u0131klamalar\u0131 ile en son Bakan \u015eim\u015fek\u2019in, &#8220;Enflasyon d\u00fc\u015f\u00fcyor, b\u00fct\u00e7e a\u00e7\u0131\u011f\u0131 azal\u0131yor. Nispeten i\u015fin s\u0131k\u0131nt\u0131 k\u0131sm\u0131n\u0131 geride b\u0131rakt\u0131k&#8221; taraf\u0131ndaki a\u00e7\u0131klamalar\u0131na vatanda\u015flardan reaksiyon geldi.<\/p>\n<p>\u0130stanbul B\u00fcy\u00fck\u015fehir Belediyesi (\u0130BB) taraf\u0131ndan hayata ge\u00e7irilen ve 40 liraya 4 \u00e7e\u015fit yemek sunan 16 Kent Lokantas\u0131&#8217;ndan \u0130zzetpa\u015fa ve \u00c7apa \u015fubelerine gelen vatanda\u015flar, bu a\u00e7\u0131klamalar\u0131 k\u0131ymetlendirdi.<\/p>\n<p>Bir vatanda\u015f, &#8220;Acaba soka\u011fa inmi\u015f mi? Kent Lokantalar\u0131ndaki, Halk Ekmek&#8217;teki s\u0131ray\u0131 g\u00f6rm\u00fc\u015f m\u00fc, pazara inmi\u015f mi? Neye dayanarak s\u00f6yl\u00fcyor?&#8221; diye sorarken, bir \u00f6teki vatanda\u015f, &#8220;Bence \u00f6yk\u00fc, uyutuyorlar bizi. Kim ne derse desin, ben ya\u015fad\u0131\u011f\u0131ma, g\u00f6rd\u00fc\u011f\u00fcme bak\u0131yorum. Keyfimizden gelip burada yemek yemiyoruz. Biz de isterdik, bir lokantaya gidelim. O so\u011fuklarda kuyruklarda bekliyoruz 3 kuru\u015f kar edece\u011fiz diye. Bizim \u00fclkemizin insan\u0131 bu halde mi olacakt\u0131?&#8221; halinde konu\u015ftu.<\/p>\n<p>&#8220;Siyaset\u00e7inin tuzu kuru, rahat onlar&#8221; diyen bir vatanda\u015f ise &#8220;Oy vakti gelince halk tan\u0131n\u0131yor, ondan sonra unutuluyor. Durum vahim, gidi\u015fat hi\u00e7 g\u00fczel de\u011fil yani. Ne olacak a\u015fik\u00e2r de\u011fil&#8221; s\u00f6zlerini kulland\u0131.<\/p>\n<p><b>&#8220;AKP&#8217;YE OY VERM\u0130\u015e B\u0130R\u0130 OALRAK S\u00d6YL\u00dcYORUM BU SAATTEN SONRA SA\u011eA OY VERMEM&#8221;<\/b><\/p>\n<p>Vatanda\u015flar\u0131n de\u011ferlendirmeleri \u015fu formda:<\/p>\n<p>Bir vatanda\u015f: &#8220;Bende 2 tane \u00e7ocuk var, e\u015fim var, ben var, 4 n\u00fcfus. Ben 23 (bin) lirayla nas\u0131l ge\u00e7inece\u011fim. Minimum fiyat\u0131n bir kademe \u00fcst\u00fc olsa ne olacak? 30 bin say, \u015fu kaidelerde 30 bin lirayla ge\u00e7inen adam gelsin, aya\u011f\u0131n\u0131n alt\u0131n\u0131 \u00f6pece\u011fim. Sa\u011fc\u0131yd\u0131m, bu saatten sonra sa\u011fa oy vermem. Ni\u00e7in vermedi\u011fimi de s\u00f6yleyece\u011fim. Kar\u015f\u0131 taraf\u0131 su\u00e7luyorsun, \u2018yanl\u0131\u015f\u2019 diyorsun, yanl\u0131\u015f\u0131 kendin yap\u0131yorsun. Yeteri kadar dini kulland\u0131n, yeteri kadar insanlar\u0131 kulland\u0131n. \u2018Darbe\u2019 dedin, soka\u011fa \u00e7\u0131kt\u0131k, can\u0131m\u0131z\u0131 verdik, sen bizi kullan\u0131yorsun ya. Bize hi\u00e7 yard\u0131m etmiyor.<br \/>Ben 5 ayd\u0131r bo\u015ftay\u0131m, 5 ayd\u0131r. Gitti\u011fim yerde m\u00fclteci \u00e7al\u0131\u015f\u0131yor. Ni\u00e7in ben \u00fclkemde bu s\u0131k\u0131nt\u0131y\u0131 \u00e7ekeyim? Bu \u0131rk\u00e7\u0131l\u0131k de\u011fildir, ola\u011fan ki onlar da \u00e7al\u0131\u015facak, r\u0131zk\u0131 veren Allah lakin, sen Allah&#8217;\u0131n verdi\u011fi r\u0131zk\u0131 benim elimden al\u0131yorsun di\u011ferine veriyorsun. Faizi y\u00fckseltmi\u015fsin, zengine diyorsun ki gel paran\u0131 at bankaya. Bu adam i\u015f yapar m\u0131? Ni\u00e7in yaps\u0131n ki haz\u0131r para geliyor. Hani faiz haramd\u0131? \u00c7ok g\u00fc\u00e7l\u00fc bir devletiz bunu da s\u00f6yl\u00fcyorum, hala daha ayakta duruyorsa b\u00fcy\u00fck devlet oldu\u011fumuzu g\u00f6steriyor lakin kimsenin de hakk\u0131 yok bu \u00fclkeyi bu t\u00fcrl\u00fc bat\u0131rmaya. &#8216;Kar\u015f\u0131 taraf&#8217; diyoruz ya i\u015fte &#8216;CHP&#8217;liler bu t\u00fcrl\u00fc, CHP&#8217;liler \u015f\u00f6yle&#8217;\u2026 AKP&#8217;ye oy vermi\u015f bir insan olarak s\u00f6yl\u00fcyorum, samimi s\u00f6yl\u00fcyorum, Allah da \u015fahit y\u0131llard\u0131r oy verdim, lakin bak\u0131yorum \u015fu an kar\u015f\u0131 taraf\u0131 susturam\u0131yoruz. Bug\u00fcn CHP&#8217;li birisi konu\u015ftu\u011fu vakit kar\u015f\u0131s\u0131nda susuyoruz. Ni\u00e7in? Hakl\u0131. Konu\u015ftu\u011fu c\u00fcmlelerin hepsi hakl\u0131, gayreti hakl\u0131. Ge\u00e7imi konu\u015fuyorsun, adama bir \u015fey diyemiyorsun, zira adam da 12 liraya ekmek al\u0131yor, ben de 12 liraya. O kira veriyor 20 lira, ben de. Susturam\u0131yorum onu. Birisi konu\u015ftu\u011fu vakit FET\u00d6&#8217;c\u00fc diyorsun at\u0131yorsun i\u00e7eri, PKK&#8217;l\u0131 diyorsun at\u0131yorsun i\u00e7eri, DAE\u015e&#8217;li diyorsun, \u015f\u00f6yleydi b\u00f6yleydi. B\u0131rak abi ya. Be\u015ferler \u015fu sahiden dolu. Kendi halk\u0131na bu kadar zul\u00fcm edilmez. Ona din karde\u015fimiz, buna bayra\u011f\u0131m\u0131z\u0131n g\u00f6lgesi b\u00fcy\u00fck, \u00f6b\u00fcr\u00fcne merhametimiz geni\u015f, pekala biz neyiz? Allah herkesin r\u0131zk\u0131n\u0131 veriyor. Allah, hi\u00e7bir kuluna da zul\u00fcm yapm\u0131yor. Sen bana bunu reva g\u00f6r\u00fcp de Allah&#8217;\u0131 su\u00e7layamazs\u0131n. \u015e\u00fck\u00fcr, \u015f\u00fck\u00fcr, ola\u011fan ki \u015f\u00fck\u00fcr, Allah&#8217;\u0131n verdiklerine her vakit \u015f\u00fckretmeliyiz. Lakin sen \u015fu ko\u015fullar\u0131 getir, hepsini bir ortaya s\u0131k\u0131\u015ft\u0131r, be\u015ferler patlam\u0131\u015f duruma geliyor, ondan sonra &#8216;\u015f\u00fckr\u00fcn\u00fcz\u00fc bilin&#8217;. Haydi oturdu\u011fun yerde \u015f\u00fckret, Allah sana veriyor mu?&#8221;<\/p>\n<p><b>&#8220;BENCE KISSA B\u0130Z\u0130 UYUTUYORLAR&#8221;<\/b><\/p>\n<p>Y\u0131ld\u0131z Y\u0131lmaz: &#8220;Bence k\u0131ssa, uyutuyorlar bizi. Kim ne derse desin, ben ya\u015fad\u0131\u011f\u0131ma, g\u00f6rd\u00fc\u011f\u00fcme bak\u0131yorum. Kiralar alm\u0131\u015f ba\u015f\u0131n\u0131 gitmi\u015f, \u00e7ar\u015f\u0131 pazar esasen el yak\u0131yor. Keyfimizden gelip burada yemek yemiyoruz. Biz de isterdik, bir lokantaya gidelim. O so\u011fuklarda kuyruklarda bekliyoruz 3 kuru\u015f kar edece\u011fiz diye. Ben emekli de\u011filim lakin emeklinin haline \u00fcz\u00fcl\u00fcyorum. \u00c7ok \u015f\u00fck\u00fcr, bizim elimiz aya\u011f\u0131m\u0131z tutuyor, \u00e7al\u0131\u015f\u0131yoruz, fakat \u00e7al\u0131\u015famayanlar, \u00e7\u00f6pten ekmek toplayanlar var. \u0130\u00e7im par\u00e7alan\u0131yor onlar\u0131 o denli g\u00f6r\u00fcnce. Bizim \u00fclkemizin insan\u0131 bu halde mi olacakt\u0131? (Vatanda\u015f) Asla d\u00fc\u015f\u00fcn\u00fclm\u00fcyor. Kendi ceplerini d\u00fc\u015f\u00fcn\u00fcyorlar. Milletvekilleri bir dola\u015fsalar ya \u00e7ar\u015f\u0131y\u0131 pazar\u0131.&#8221;<\/p>\n<p><b>&#8220;HALK EKMEK&#8217;TEK\u0130 SIRAYI G\u00d6RM\u00dc\u015e M\u00dc?&#8221;<\/b><\/p>\n<p>Bir vatanda\u015f: &#8220;Durum vahim, gidi\u015fat hi\u00e7 g\u00fczel de\u011fil yani. Her \u015feyin fark\u0131ndalar \u00fclkeyi y\u00f6netenler. Kiralar, hayat pahal\u0131l\u0131\u011f\u0131, halk da siyaset\u00e7i de \u015fuurunda. Ne olacak belirli de\u011fil. Oy vakti gelince halk tan\u0131n\u0131yor, ondan sonra unutuluyor. Siyaset\u00e7inin tuzu kuru, rahat onlar. Halk g\u00f6rd\u00fc\u011f\u00fcn gibi&#8221;<\/p>\n<p>Bir \u00f6b\u00fcr vatanda\u015f: &#8220;(Bakan \u015eim\u015fek) Sanki soka\u011fa inmi\u015f mi? Kent Lokantalar\u0131ndaki, Halk Ekmek&#8217;teki s\u0131ray\u0131 g\u00f6rm\u00fc\u015f m\u00fc, pazara inmi\u015f mi? Neye dayanarak s\u00f6yl\u00fcyor?&#8221;<\/p>\n","protected":false},"excerpt":{"rendered":"<p>Hazine ve Maliye Bakan\u0131 Mehmet \u015eim\u015fek&#8217;in &#8220;Enflasyon d\u00fc\u015f\u00fcyor, b\u00fct\u00e7e a\u00e7\u0131\u011f\u0131 azal\u0131yor.&#8221; kelamlar\u0131na Halk Ekmek ve Kent Lokantas\u0131 kuyru\u011funda bekleyen vatanda\u015flar reaksiyon g\u00f6sterdi. So\u011fuk havada kuyrukta bekleyen vatanda\u015flar \u015eim\u015fek&#8217;in kelamlar\u0131na &#8220;Acaba soka\u011fa inmi\u015f mi? Kent Lokantalar\u0131ndaki, Halk Ekmek&#8217;teki s\u0131ray\u0131 g\u00f6rm\u00fc\u015f m\u00fc, pazara inmi\u015f mi? Neye dayanarak s\u00f6yl\u00fcyor?&#8221; diye reaksiyon g\u00f6sterdi.<\/p>\n","protected":false},"author":1,"featured_media":35764,"comment_status":"open","ping_status":"open","sticky":false,"template":"","format":"standard","meta":{"footnotes":""},"categories":[24],"tags":[5729,514,635,379,574],"class_list":["post-35763","post","type-post","status-publish","format-standard","has-post-thumbnail","hentry","category-ekonomi","tag-allah","tag-gel","tag-halk","tag-kar","tag-vatandas"],"_links":{"self":[{"href":"https:\/\/ikimisli.tr\/index.php\/wp-json\/wp\/v2\/posts\/35763","targetHints":{"allow":["GET"]}}],"collection":[{"href":"https:\/\/ikimisli.tr\/index.php\/wp-json\/wp\/v2\/posts"}],"about":[{"href":"https:\/\/ikimisli.tr\/index.php\/wp-json\/wp\/v2\/types\/post"}],"author":[{"embeddable":true,"href":"https:\/\/ikimisli.tr\/index.php\/wp-json\/wp\/v2\/users\/1"}],"replies":[{"embeddable":true,"href":"https:\/\/ikimisli.tr\/index.php\/wp-json\/wp\/v2\/comments?post=35763"}],"version-history":[{"count":1,"href":"https:\/\/ikimisli.tr\/index.php\/wp-json\/wp\/v2\/posts\/35763\/revisions"}],"predecessor-version":[{"id":35765,"href":"https:\/\/ikimisli.tr\/index.php\/wp-json\/wp\/v2\/posts\/35763\/revisions\/35765"}],"wp:featuredmedia":[{"embeddable":true,"href":"https:\/\/ikimisli.tr\/index.php\/wp-json\/wp\/v2\/media\/35764"}],"wp:attachment":[{"href":"https:\/\/ikimisli.tr\/index.php\/wp-json\/wp\/v2\/media?parent=35763"}],"wp:term":[{"taxonomy":"category","embeddable":true,"href":"https:\/\/ikimisli.tr\/index.php\/wp-json\/wp\/v2\/categories?post=35763"},{"taxonomy":"post_tag","embeddable":true,"href":"https:\/\/ikimisli.tr\/index.php\/wp-json\/wp\/v2\/tags?post=35763"}],"curies":[{"name":"wp","href":"https:\/\/api.w.org\/{rel}","templated":true}]}}