{"id":35789,"date":"2025-05-08T05:00:50","date_gmt":"2025-05-08T05:00:50","guid":{"rendered":"https:\/\/ikimisli.tr\/?p=35789"},"modified":"2025-05-08T05:00:50","modified_gmt":"2025-05-08T05:00:50","slug":"trump-hizli-baris-hamlesi-avrupada-buyuk-bir-endiseyle-karsilandi","status":"publish","type":"post","link":"https:\/\/ikimisli.tr\/index.php\/2025\/05\/08\/trump-hizli-baris-hamlesi-avrupada-buyuk-bir-endiseyle-karsilandi\/","title":{"rendered":"Trump &#8216;h\u0131zl\u0131 bar\u0131\u015f&#8217; hamlesi, Avrupa&#8217;da b\u00fcy\u00fck bir endi\u015feyle kar\u015f\u0131land\u0131"},"content":{"rendered":"<p>Avrupa liderleri, ABD Ba\u015fkan\u0131 Donald Trump\u2019\u0131n Rusya Devlet Lideri Vladimir Putin ile g\u00f6r\u00fc\u015ferek Ukrayna konusunda m\u00fczakereleri ba\u015flataca\u011f\u0131n\u0131 duyurmas\u0131n\u0131n akabinde, Washington\u2019a kendilerini g\u00f6r\u00fc\u015fmelerinde d\u0131\u015f\u0131nda b\u0131rakmamalar\u0131 taraf\u0131nda ihtarda bulundu.<\/p>\n<p>Trump\u2019\u0131n ata\u011f\u0131, Ukrayna\u2019daki sava\u015f\u0131n Avrupa g\u00fcvenli\u011fi i\u00e7in direkt sonu\u00e7lar\u0131 olaca\u011f\u0131 gerek\u00e7esiyle k\u0131tada b\u00fcy\u00fck endi\u015fe yaratt\u0131.<\/p>\n<p>Avrupa Birli\u011fi D\u0131\u015f Siyaset Y\u00fcksek Temsilcisi Kaja Kallas, &#8220;Bizim d\u0131\u015f\u0131m\u0131zda al\u0131nan hi\u00e7bir karar i\u015flemez. Rastgele bir mutabakat, Ukrayna ve Avrupa&#8217;n\u0131n i\u00e7inde oldu\u011fu bir s\u00fcreci gerektirir&#8221; dedi.<\/p>\n<p><img decoding=\"async\" src=\"https:\/\/ikimisli.tr\/wp-content\/uploads\/2025\/05\/trump-hizli-baris-hamlesi-avrupada-buyuk-bir-endiseyle-karsilandi-0-cN7hLZJ1.png\"\/><\/p>\n<p><b>&#8216;DAHA BA\u015eLAMADAN TAV\u0130Z&#8217;<\/b><\/p>\n<p>Kallas, NATO savunma bakanlar\u0131n\u0131n Br\u00fcksel\u2019de Ukraynal\u0131 mevkida\u015flar\u0131yla bir ortaya gelmesinden evvel yapt\u0131\u011f\u0131 a\u00e7\u0131klamada, Moskova\u2019ya m\u00fczakereler ba\u015flamadan taviz verilmesini ele\u015ftirdi.<\/p>\n<p>&#8220;Neden m\u00fczakereler ba\u015flamadan evvel Ruslara her istediklerini veriyoruz?&#8221; diye soran Kallas, &#8220;Bu bir yat\u0131\u015ft\u0131rma siyasetidir. Bu t\u00fcrl\u00fc ataklar hi\u00e7bir vakit i\u015fe yaramad\u0131&#8221; s\u00f6zlerini kulland\u0131.<\/p>\n<p>ABD Savunma Bakan\u0131 Pete Hegseth, Ukrayna\u2019n\u0131n 2014 \u00f6ncesi hudutlar\u0131na d\u00f6nmesinin ger\u00e7ek\u00e7i olmad\u0131\u011f\u0131n\u0131 ve NATO \u00fcyeli\u011finin bir bar\u0131\u015f mutabakat\u0131n\u0131n kesimi olmayaca\u011f\u0131n\u0131 belirtti.<\/p>\n<p>Almanya Savunma Bakan\u0131 Boris Pistorius ise Washington\u2019un Moskova\u2019ya evvelce taviz vermesinin m\u00fczakerelerin seyrini olumsuz etkileyebilece\u011fini s\u00f6yledi.<\/p>\n<p>Fransa Savunma Bakan\u0131 S\u00e9bastien Lecornu, Avrupa&#8217;n\u0131n &#8220;g\u00fc\u00e7s\u00fczl\u00fckle sa\u011flanan bar\u0131\u015f&#8221; yerine &#8220;g\u00fc\u00e7 yoluyla bar\u0131\u015f&#8221; unsurunu benimsemesi gerekti\u011fini vurgulad\u0131.<\/p>\n<p>Litvanya Savunma Bakan\u0131 Dovile Sakaliene de &#8220;Trump ve Putin\u2019in hepimiz ismine tahlil bulaca\u011f\u0131 yan\u0131lsamas\u0131na kap\u0131lmamal\u0131y\u0131z&#8221; dedi.<br \/><img decoding=\"async\" src=\"https:\/\/ikimisli.tr\/wp-content\/uploads\/2025\/05\/trump-hizli-baris-hamlesi-avrupada-buyuk-bir-endiseyle-karsilandi-1-8R7Kv6dQ.png\"\/><\/p>\n<p><b>&#8216;O MASADA OLMAK ZORUNDAYIZ&#8217;<\/b><\/p>\n<p>Trump idaresinin Avrupa \u00fclkelerini s\u00fcrecin d\u0131\u015f\u0131nda b\u0131rakmaya niyetli oldu\u011fu, bu hafta Br\u00fcksel ve M\u00fcnih\u2019te yap\u0131lan g\u00f6r\u00fc\u015fmeler s\u0131ras\u0131nda daha da netle\u015fti.<\/p>\n<p>Trump, Hegseth\u2019in a\u00e7\u0131klamalar\u0131ndan birka\u00e7 saat sonra Putin ile &#8220;son derece verimli&#8221; bir telefon g\u00f6r\u00fc\u015fmesi ger\u00e7ekle\u015ftirdi\u011fini ve m\u00fczakerelerin derhal ba\u015flayaca\u011f\u0131n\u0131 duyurdu.<\/p>\n<p>Daha sonra Ukrayna Devlet Ba\u015fkan\u0131 Volodimir Zelenski\u2019yi arayarak bilgilendiren Trump, birebir g\u00fcn\u00fcn ilerleyen saatlerinde Paris\u2019te toplanan \u0130ngiltere, Fransa ve Almanya d\u0131\u015fi\u015fleri bakanlar\u0131, Avrupa\u2019n\u0131n bar\u0131\u015f m\u00fczakerelerinde yer almas\u0131 gerekti\u011fini vurgulayan bir ortak bildiri yay\u0131mlad\u0131.<\/p>\n<p>Trump\u2019\u0131n at\u0131l\u0131m\u0131 Avrupa\u2019da genel olarak reaksiyonla kar\u015f\u0131lan\u0131rken, Macaristan Ba\u015fbakan\u0131 Viktor Orban farkl\u0131 bir tav\u0131r sergiledi.<\/p>\n<p>Trump\u2019\u0131n m\u00fczakereleri ba\u015flatma karar\u0131n\u0131 \u00f6ven Orban, Avrupal\u0131 ba\u015fkanlar\u0131n a\u00e7\u0131klamalar\u0131n\u0131 ele\u015ftirerek, &#8220;M\u00fczakere masas\u0131nda yer almak talep edilmez, hak edilir&#8221; dedi.<\/p>\n<p>Avrupa \u00fclkeleri, ABD\u2019nin bar\u0131\u015f muahedesinin uygulanmas\u0131 konusunda kendilerinden g\u00fcvenlik garantileri bekledi\u011fini, bunun Avrupa\u2019n\u0131n da s\u00fcrece direkt dahil olmas\u0131n\u0131 gerektirdi\u011fini belirtiyor.<\/p>\n<p>Hollanda Savunma Bakan\u0131 Ruben Brekelmans, &#8220;Masada yer almamak \u00fczere bir se\u00e7enek yok. Zira g\u00fcvenlik garantilerinin hayata ge\u00e7irilmesinde kritik bir rol oynayaca\u011f\u0131z&#8221; dedi.<\/p>\n","protected":false},"excerpt":{"rendered":"<p>Avrupa \u00f6nderleri, Trump\u2019\u0131n Putin ile Ukrayna bar\u0131\u015f\u0131 i\u00e7in m\u00fczakerelere ba\u015flamas\u0131n\u0131 endi\u015feyle kar\u015f\u0131lad\u0131. Avrupa Birli\u011fi, kendilerinin d\u0131\u015fland\u0131\u011f\u0131 bir muahedenin ba\u015far\u0131s\u0131z olaca\u011f\u0131n\u0131 vurgularken, Washington\u2019\u0131n Moskova\u2019ya erken \u00f6d\u00fcnler verdi\u011fi tenkitleri y\u00fckseliyor. &#8220;Masada olmak zorunday\u0131z&#8221; diyen Avrupal\u0131 yetkililer, g\u00fcvenlik garantileri konusunda kilit rol oynayacaklar\u0131n\u0131 belirtiyor.<\/p>\n","protected":false},"author":1,"featured_media":35790,"comment_status":"open","ping_status":"open","sticky":false,"template":"","format":"standard","meta":{"footnotes":""},"categories":[43],"tags":[435,254,103,131,201],"class_list":["post-35789","post","type-post","status-publish","format-standard","has-post-thumbnail","hentry","category-dunya","tag-avrupa","tag-baris","tag-dis","tag-trump","tag-ukrayna"],"_links":{"self":[{"href":"https:\/\/ikimisli.tr\/index.php\/wp-json\/wp\/v2\/posts\/35789","targetHints":{"allow":["GET"]}}],"collection":[{"href":"https:\/\/ikimisli.tr\/index.php\/wp-json\/wp\/v2\/posts"}],"about":[{"href":"https:\/\/ikimisli.tr\/index.php\/wp-json\/wp\/v2\/types\/post"}],"author":[{"embeddable":true,"href":"https:\/\/ikimisli.tr\/index.php\/wp-json\/wp\/v2\/users\/1"}],"replies":[{"embeddable":true,"href":"https:\/\/ikimisli.tr\/index.php\/wp-json\/wp\/v2\/comments?post=35789"}],"version-history":[{"count":1,"href":"https:\/\/ikimisli.tr\/index.php\/wp-json\/wp\/v2\/posts\/35789\/revisions"}],"predecessor-version":[{"id":35793,"href":"https:\/\/ikimisli.tr\/index.php\/wp-json\/wp\/v2\/posts\/35789\/revisions\/35793"}],"wp:featuredmedia":[{"embeddable":true,"href":"https:\/\/ikimisli.tr\/index.php\/wp-json\/wp\/v2\/media\/35790"}],"wp:attachment":[{"href":"https:\/\/ikimisli.tr\/index.php\/wp-json\/wp\/v2\/media?parent=35789"}],"wp:term":[{"taxonomy":"category","embeddable":true,"href":"https:\/\/ikimisli.tr\/index.php\/wp-json\/wp\/v2\/categories?post=35789"},{"taxonomy":"post_tag","embeddable":true,"href":"https:\/\/ikimisli.tr\/index.php\/wp-json\/wp\/v2\/tags?post=35789"}],"curies":[{"name":"wp","href":"https:\/\/api.w.org\/{rel}","templated":true}]}}