{"id":35907,"date":"2025-05-08T11:24:18","date_gmt":"2025-05-08T11:24:18","guid":{"rendered":"https:\/\/ikimisli.tr\/?p=35907"},"modified":"2025-05-08T11:24:18","modified_gmt":"2025-05-08T11:24:18","slug":"tadic-golunu-atti-fenerbahce-tarihine-gecti","status":"publish","type":"post","link":"https:\/\/ikimisli.tr\/index.php\/2025\/05\/08\/tadic-golunu-atti-fenerbahce-tarihine-gecti\/","title":{"rendered":"Tadic gol\u00fcn\u00fc att\u0131, Fenerbah\u00e7e tarihine ge\u00e7ti!"},"content":{"rendered":"<p>Fenerbah\u00e7e, UEFA Avrupa Ligi play-off \u00e7e\u015fidi birinci ma\u00e7\u0131nda Bel\u00e7ika temsilcisi Anderlecht&#8217;i konuk etti.<\/p>\n<p>Sar\u0131-Lacivertli tak\u0131m, u\u011fra\u015f\u0131n birinci yar\u0131s\u0131nda Dusan Tadic&#8217;in gol\u00fcyle \u00f6ne ge\u00e7ti. S\u0131rp y\u0131ld\u0131z kaydetti\u011fi gol ile Fenerbah\u00e7e tarihine ismini yazd\u0131rd\u0131.<\/p>\n<p><b>EN YA\u015eLI GOLC\u00dc<\/b><\/p>\n<p>Anderlecht a\u011flar\u0131n\u0131 havaland\u0131ran Dusan Tadic, 36 ya\u015f 85 g\u00fcn ile Fenerbah\u00e7e formas\u0131yla Avrupa kupalar\u0131n\u0131n k\u00fcme sonras\u0131 evrelerinde gol atan en ya\u015fl\u0131 oyuncu oldu.\u00a0 <\/p>\n","protected":false},"excerpt":{"rendered":"<p>UEFA Avrupa Ligi play-off tipi birinci ma\u00e7\u0131nda Fenerbah\u00e7e&#8217;yi Anderlecht kar\u015f\u0131s\u0131nda \u00f6ne ge\u00e7iren Dusan Tadic tarihe ge\u00e7ti.<\/p>\n","protected":false},"author":1,"featured_media":35908,"comment_status":"open","ping_status":"open","sticky":false,"template":"","format":"standard","meta":{"footnotes":""},"categories":[30],"tags":[],"class_list":["post-35907","post","type-post","status-publish","format-standard","has-post-thumbnail","hentry","category-spor"],"_links":{"self":[{"href":"https:\/\/ikimisli.tr\/index.php\/wp-json\/wp\/v2\/posts\/35907","targetHints":{"allow":["GET"]}}],"collection":[{"href":"https:\/\/ikimisli.tr\/index.php\/wp-json\/wp\/v2\/posts"}],"about":[{"href":"https:\/\/ikimisli.tr\/index.php\/wp-json\/wp\/v2\/types\/post"}],"author":[{"embeddable":true,"href":"https:\/\/ikimisli.tr\/index.php\/wp-json\/wp\/v2\/users\/1"}],"replies":[{"embeddable":true,"href":"https:\/\/ikimisli.tr\/index.php\/wp-json\/wp\/v2\/comments?post=35907"}],"version-history":[{"count":1,"href":"https:\/\/ikimisli.tr\/index.php\/wp-json\/wp\/v2\/posts\/35907\/revisions"}],"predecessor-version":[{"id":35909,"href":"https:\/\/ikimisli.tr\/index.php\/wp-json\/wp\/v2\/posts\/35907\/revisions\/35909"}],"wp:featuredmedia":[{"embeddable":true,"href":"https:\/\/ikimisli.tr\/index.php\/wp-json\/wp\/v2\/media\/35908"}],"wp:attachment":[{"href":"https:\/\/ikimisli.tr\/index.php\/wp-json\/wp\/v2\/media?parent=35907"}],"wp:term":[{"taxonomy":"category","embeddable":true,"href":"https:\/\/ikimisli.tr\/index.php\/wp-json\/wp\/v2\/categories?post=35907"},{"taxonomy":"post_tag","embeddable":true,"href":"https:\/\/ikimisli.tr\/index.php\/wp-json\/wp\/v2\/tags?post=35907"}],"curies":[{"name":"wp","href":"https:\/\/api.w.org\/{rel}","templated":true}]}}