{"id":36018,"date":"2025-05-08T18:12:28","date_gmt":"2025-05-08T18:12:28","guid":{"rendered":"https:\/\/ikimisli.tr\/?p=36018"},"modified":"2025-05-08T18:12:28","modified_gmt":"2025-05-08T18:12:28","slug":"ilic-raporunu-7-aydir-yazamadilar","status":"publish","type":"post","link":"https:\/\/ikimisli.tr\/index.php\/2025\/05\/08\/ilic-raporunu-7-aydir-yazamadilar\/","title":{"rendered":"\u0130li\u00e7 raporunu 7 ayd\u0131r yazamad\u0131lar"},"content":{"rendered":"<p>Ge\u00e7eny\u0131l 13 \u015eubat\u2019ta Erzincan\u2019daki \u0130li\u00e7 \u00c7\u00f6pler Alt\u0131n Madeni\u2019nde meydana gelen toprak kaymas\u0131nda 9 madenci feci formda can verdi.<\/p>\n<p>Facian\u0131n akabinde TBMM\u2019de kurulan \u0130li\u00e7 Alt\u0131n Madeni Ara\u015ft\u0131rma Komisyonu\u2019nun \u00fcyesi CHP Adana Milletvekili Dr. M\u00fczeyyen \u015eevkin, \u00e7al\u0131\u015fmalar\u0131n tamamlanmas\u0131na kar\u015f\u0131n raporun h\u00e2l\u00e2 \u00e7\u0131kmamas\u0131na reaksiyon g\u00f6sterdi:<\/p>\n<p>\u201cKomisyonun \u00e7al\u0131\u015fmalar\u0131n\u0131n tamamlanmas\u0131n\u0131n \u00fczerinden 7 ay ge\u00e7mesine kar\u015f\u0131n h\u00e2l\u00e2 \u0130li\u00e7 Maden Facias\u0131\u2019na ait rapor haz\u0131rlanmad\u0131. 3 ay boyunca s\u00fcren t\u00fcm o dinlemelerde ne Enerji Bakanl\u0131\u011f\u0131, ne \u00c7evre Bakanl\u0131\u011f\u0131 ne de \u00c7al\u0131\u015fma Bakanl\u0131\u011f\u0131, hi\u00e7bir kurum ve \u015firket sorumlulu\u011fu \u00fczerine almad\u0131.\u201d<\/p>\n<p><img decoding=\"async\" src=\"https:\/\/ikimisli.tr\/wp-content\/uploads\/2025\/05\/ilic-raporunu-7-aydir-yazamadilar-0-idQ3SBI5.jpg\"\/><\/p>\n<p><strong>430 M\u0130LYON DOLAR ZARAR<\/strong><\/p>\n<p>T\u00fcrkiye\u2019nin milyarlarca dolar ziyan\u0131 oldu\u011funu lisana getiren Dr. \u015eevkin, \u201c430 milyon dolar ziyan yaln\u0131zca \u0130li\u00e7\u2019teki vergi kayb\u0131ndan dolay\u0131\u201d dedi ve \u015f\u00f6yle devam etti:<\/p>\n<p>\u201c\u0130li\u00e7 \u00c7\u00f6pler Alt\u0131n Madeni\u2019nin y\u00fczde 80\u2019i Kanada-ABD ortakl\u0131 \u015firketin. Y\u00fczde 18.5\u2019i \u00c7al\u0131k Holding ve Lidya Madencilik\u2019e ili\u015fkin. Y\u00fczde 1.5\u2019i de bir bankan\u0131n. \u00d6rne\u011fin Kanadal\u0131 \u015firket kendi \u00fclkesinde bu madencili\u011fi yapm\u0131\u015f olsayd\u0131 y\u00fczde 11.97 vergi \u00f6deyecekti lakin bizim \u00fclkemizde y\u00fczde 4.09 efektif vergi \u00f6d\u00fcyor. Yabanc\u0131 \u015firketler, alt\u0131n madenine ait paralar\u0131 al\u0131p g\u00f6t\u00fcr\u00fcrken, bize ise  \u00e7al\u0131\u015fanlar\u0131n vefat\u0131, \u00e7\u00f6p, zehirli at\u0131klar ve etraf felaketleri kal\u0131yor.\u201d<\/p>\n<p><img decoding=\"async\" src=\"https:\/\/ikimisli.tr\/wp-content\/uploads\/2025\/05\/ilic-raporunu-7-aydir-yazamadilar-1-tLqpIRcr.jpg\"\/><\/p>\n<p><b>An\u0131t mezardaki anmada h\u00fcz\u00fcn vard\u0131<\/b><\/p>\n<p>\u0130\u015f\u00e7ilerin mezar\u0131n\u0131 ziyaret eden CHP Milletvekili Mustafa Sar\u0131g\u00fcl ve Gamze Ta\u015f\u00e7\u0131er, faciada can verenlerin yak\u0131nlar\u0131n\u0131 kaybedenleri teselli etmeye \u00e7al\u0131\u015ft\u0131.<\/p>\n","protected":false},"excerpt":{"rendered":"<p>\u0130li\u00e7 facias\u0131n\u0131n \u00fczerinden tam bir y\u0131l ge\u00e7ti. 9 madencinin toprak alt\u0131nda can verdi\u011fi maden i\u00e7in kurulan komisyon 7 ay evvel \u00e7al\u0131\u015fmalar\u0131 tamamlad\u0131 lakin rapor ortada yok.<\/p>\n","protected":false},"author":1,"featured_media":36019,"comment_status":"open","ping_status":"open","sticky":false,"template":"","format":"standard","meta":{"footnotes":""},"categories":[25],"tags":[5745,1129],"class_list":["post-36018","post","type-post","status-publish","format-standard","has-post-thumbnail","hentry","category-gundem","tag-ilic","tag-maden"],"_links":{"self":[{"href":"https:\/\/ikimisli.tr\/index.php\/wp-json\/wp\/v2\/posts\/36018","targetHints":{"allow":["GET"]}}],"collection":[{"href":"https:\/\/ikimisli.tr\/index.php\/wp-json\/wp\/v2\/posts"}],"about":[{"href":"https:\/\/ikimisli.tr\/index.php\/wp-json\/wp\/v2\/types\/post"}],"author":[{"embeddable":true,"href":"https:\/\/ikimisli.tr\/index.php\/wp-json\/wp\/v2\/users\/1"}],"replies":[{"embeddable":true,"href":"https:\/\/ikimisli.tr\/index.php\/wp-json\/wp\/v2\/comments?post=36018"}],"version-history":[{"count":1,"href":"https:\/\/ikimisli.tr\/index.php\/wp-json\/wp\/v2\/posts\/36018\/revisions"}],"predecessor-version":[{"id":36022,"href":"https:\/\/ikimisli.tr\/index.php\/wp-json\/wp\/v2\/posts\/36018\/revisions\/36022"}],"wp:featuredmedia":[{"embeddable":true,"href":"https:\/\/ikimisli.tr\/index.php\/wp-json\/wp\/v2\/media\/36019"}],"wp:attachment":[{"href":"https:\/\/ikimisli.tr\/index.php\/wp-json\/wp\/v2\/media?parent=36018"}],"wp:term":[{"taxonomy":"category","embeddable":true,"href":"https:\/\/ikimisli.tr\/index.php\/wp-json\/wp\/v2\/categories?post=36018"},{"taxonomy":"post_tag","embeddable":true,"href":"https:\/\/ikimisli.tr\/index.php\/wp-json\/wp\/v2\/tags?post=36018"}],"curies":[{"name":"wp","href":"https:\/\/api.w.org\/{rel}","templated":true}]}}