{"id":36023,"date":"2025-05-08T18:24:26","date_gmt":"2025-05-08T18:24:26","guid":{"rendered":"https:\/\/ikimisli.tr\/?p=36023"},"modified":"2025-05-08T18:24:26","modified_gmt":"2025-05-08T18:24:26","slug":"gucunuz-garibana-mi-yetiyor","status":"publish","type":"post","link":"https:\/\/ikimisli.tr\/index.php\/2025\/05\/08\/gucunuz-garibana-mi-yetiyor\/","title":{"rendered":"\u2018G\u00fcc\u00fcn\u00fcz garibana m\u0131 yetiyor!\u2019"},"content":{"rendered":"<p>Mu\u011fla\u2019n\u0131n Bodrum il\u00e7esine ba\u011fl\u0131 G\u00fcrece mahallesinde ka\u00e7ak ve ruhsats\u0131z yap\u0131ld\u0131\u011f\u0131 tespit edilen be\u015f bina i\u00e7in y\u0131k\u0131m karar\u0131 verildi. Bodrum Belediyesi\u2019ne ba\u011fl\u0131 zab\u0131ta tak\u0131mlar\u0131 sabah erken saatlerinde y\u0131k\u0131m\u0131 ger\u00e7ekle\u015ftirmek i\u00e7in mahalleye gitti.<\/p>\n<p><img decoding=\"async\" src=\"https:\/\/ikimisli.tr\/wp-content\/uploads\/2025\/05\/gucunuz-garibana-mi-yetiyor-0-ZjPC7nkz.jpg\"\/><\/p>\n<p><strong>ZENG\u0130NE YIKIM YOK<\/strong><\/p>\n<p>\u0130n\u015faat sahibi yakla\u015f\u0131k 30 ki\u015fi binalar\u0131n \u00fczerlerine \u00e7\u0131k\u0131p i\u015f makinelerini engellemeye \u00e7al\u0131\u015f\u0131nca mahalleye \u00e7ok say\u0131da \u00c7evik Kuvvet polisi sevk edildi. Polis, kalabal\u0131\u011f\u0131n giderek artmas\u0131 \u00fczerine biber gaz\u0131 ile m\u00fcdahale etti. Ya\u015fanan arbedede \u00e7ok say\u0131da vatanda\u015f yaraland\u0131. Belediyenin tavr\u0131na reaksiyon g\u00f6steren vatanda\u015flar \u015funlar\u0131 s\u00f6yledi: \u201cCezalar\u0131 \u00f6deyip, mahkemeye itiraz dilek\u00e7elerimizi sunduk. \u0130tiraz s\u00fcreci ba\u015flamadan y\u0131k\u0131m yap\u0131l\u0131yor. Ortakent\u2019te bir AVM var, neden y\u0131k\u0131lm\u0131yor?\u201d<\/p>\n<p>Vatanda\u015flar\u0131n, yapt\u0131klar\u0131 binalar\u0131 kendilerinin y\u0131kaca\u011f\u0131n\u0131 belirtmesi \u00fczerine belediye tak\u0131mlar\u0131 ve i\u015f makineleri b\u00f6lgeden ayr\u0131ld\u0131.<\/p>\n","protected":false},"excerpt":{"rendered":"<p>Bodrum\u2019da konutlar\u0131 y\u0131k\u0131lan vatanda\u015flar isyan etti: Y\u0131k\u0131m tak\u0131mlar\u0131n\u0131 zenginlerin villa ve otellerinde g\u00f6rm\u00fcyoruz.<\/p>\n","protected":false},"author":1,"featured_media":36024,"comment_status":"open","ping_status":"open","sticky":false,"template":"","format":"standard","meta":{"footnotes":""},"categories":[25],"tags":[],"class_list":["post-36023","post","type-post","status-publish","format-standard","has-post-thumbnail","hentry","category-gundem"],"_links":{"self":[{"href":"https:\/\/ikimisli.tr\/index.php\/wp-json\/wp\/v2\/posts\/36023","targetHints":{"allow":["GET"]}}],"collection":[{"href":"https:\/\/ikimisli.tr\/index.php\/wp-json\/wp\/v2\/posts"}],"about":[{"href":"https:\/\/ikimisli.tr\/index.php\/wp-json\/wp\/v2\/types\/post"}],"author":[{"embeddable":true,"href":"https:\/\/ikimisli.tr\/index.php\/wp-json\/wp\/v2\/users\/1"}],"replies":[{"embeddable":true,"href":"https:\/\/ikimisli.tr\/index.php\/wp-json\/wp\/v2\/comments?post=36023"}],"version-history":[{"count":1,"href":"https:\/\/ikimisli.tr\/index.php\/wp-json\/wp\/v2\/posts\/36023\/revisions"}],"predecessor-version":[{"id":36026,"href":"https:\/\/ikimisli.tr\/index.php\/wp-json\/wp\/v2\/posts\/36023\/revisions\/36026"}],"wp:featuredmedia":[{"embeddable":true,"href":"https:\/\/ikimisli.tr\/index.php\/wp-json\/wp\/v2\/media\/36024"}],"wp:attachment":[{"href":"https:\/\/ikimisli.tr\/index.php\/wp-json\/wp\/v2\/media?parent=36023"}],"wp:term":[{"taxonomy":"category","embeddable":true,"href":"https:\/\/ikimisli.tr\/index.php\/wp-json\/wp\/v2\/categories?post=36023"},{"taxonomy":"post_tag","embeddable":true,"href":"https:\/\/ikimisli.tr\/index.php\/wp-json\/wp\/v2\/tags?post=36023"}],"curies":[{"name":"wp","href":"https:\/\/api.w.org\/{rel}","templated":true}]}}