{"id":36038,"date":"2025-05-08T19:12:17","date_gmt":"2025-05-08T19:12:17","guid":{"rendered":"https:\/\/ikimisli.tr\/?p=36038"},"modified":"2025-05-08T19:12:17","modified_gmt":"2025-05-08T19:12:17","slug":"satis-ya-iptal-ya-iptal","status":"publish","type":"post","link":"https:\/\/ikimisli.tr\/index.php\/2025\/05\/08\/satis-ya-iptal-ya-iptal\/","title":{"rendered":"Sat\u0131\u015f ya iptal ya iptal"},"content":{"rendered":"<p><em><strong>Cem YILDIRIM<\/strong><\/em><\/p>\n<p>Ankara\u2019daki \u00c7ay\u0131rhan Termik Santrali ve Maden Oca\u011f\u0131\u2019n\u0131n sat\u0131\u015f\u0131na kar\u015f\u0131 \u00e7\u0131kan maden personellerinin Beypazar\u0131\u2019ndan ba\u015flatt\u0131klar\u0131 y\u00fcr\u00fcy\u00fc\u015f, d\u00f6rd\u00fcnc\u00fc g\u00fcn\u00fcnde Hazine ve Maliye Bakanl\u0131\u011f\u0131 \u00f6n\u00fcnde sona erdi. Harekette konu\u015fan T\u00fcrkiye Maden \u00c7al\u0131\u015fanlar\u0131 Sendikas\u0131 (Maden-\u0130\u015f) Genel Ba\u015fkan\u0131 Nurettin Ak\u00e7ul, termik santraldeki \u00f6zelle\u015ftirme s\u00fcrecini kar\u015f\u0131 \u00e7\u0131karak \u201cSonu nereye var\u0131rsa vars\u0131n \u00e7abam\u0131z\u0131 en \u00fcst noktaya ta\u015f\u0131makta kararl\u0131y\u0131z. Talebimiz a\u015fik\u00e2r, halimiz net: Ya iptal, ya iptal\u201d dedi.<\/p>\n<p><img decoding=\"async\" src=\"https:\/\/ikimisli.tr\/wp-content\/uploads\/2025\/05\/satis-ya-iptal-ya-iptal-0-WCLp4wt7.jpg\"\/><\/p>\n<p><strong>\u0130PTAL ED\u0130LMEL\u0130<\/strong><\/p>\n<p>\u00d6zelle\u015ftirme s\u00fcreci ertelendikten sonra da iktidar\u0131n \u00e7al\u0131\u015fanlar\u0131n sesini duymad\u0131\u011f\u0131n\u0131, taleplerini kar\u015f\u0131lamad\u0131\u011f\u0131n\u0131 belirten Ak\u00e7ul, \u201cDe\u011fi\u015fiklik yap\u0131ld\u0131\u011f\u0131 s\u00f6ylenen \u015fartnamede yaln\u0131zca bir iki unsurun \u00fcst\u00fcnden ge\u00e7ilmi\u015f. Lojmanlar\u0131 bo\u015faltma m\u00fcddeti olarak da belirledikleri 4 ay\u0131, i\u015ften \u00e7\u0131kanlara 12 ay m\u00fchlet vererek i\u015ften \u00e7\u0131kmaya da te\u015fvik etmi\u015fler\u201d diye konu\u015ftu.\u00a0<\/p>\n<p>Termik santral ve maden alanlar\u0131n\u0131n 1970\u2019lerin sonunda \u201cMilli Yat\u0131r\u0131m\u201d olarak duyuruldu\u011funu vurgulayan Ak\u00e7ul \u201cKamuya ili\u015fkin b\u00f6ylesine k\u00e2r yapan, stratejik tesislerin \u00f6zel \u015firketlere devredilmesi, yaln\u0131zca \u00e7al\u0131\u015fanlar\u0131 de\u011fil, y\u00f6re insan\u0131n\u0131 da \u00fclkemizi de fakirle\u015ftiren bir siyasettir. \u00c7ay\u0131rhan Termik Santrali ve maden alanlar\u0131, devletin m\u00fcdafaas\u0131 alt\u0131nda olmas\u0131 gereken, kamuya ili\u015fkin stratejik bir varl\u0131kt\u0131r ve halka aittir\u201d a\u00e7\u0131klamas\u0131n\u0131 yapt\u0131. T\u00fcrkiye \u0130\u015f\u00e7i Sendikalar\u0131 Konfederasyonu Ba\u015fkan\u0131 Ergun Atalay da \u00c7ay\u0131rhan \u00e7al\u0131\u015fan\u0131n\u0131n \u00f6zelle\u015ftirmeden vazge\u00e7ilmesini istedi\u011fini kaydederek \u201cBug\u00fcne kadarki \u00f6zelle\u015ftirmelerin personele, \u00fclkeye hi\u00e7bir yarar\u0131 yok. \u0130\u015fverenler emek\u00e7iyi, k\u00f6le \u00fczere kullan- maya devam ediyor\u201d dedi.<\/p>\n<p><img decoding=\"async\" src=\"https:\/\/ikimisli.tr\/wp-content\/uploads\/2025\/05\/satis-ya-iptal-ya-iptal-1-tEkYGFx3.jpg\"\/><\/p>\n<p><b>\u00d6zelle\u015ftirmeyle \u00c7ay\u0131rhan, Soma olur<\/b><\/p>\n<p>CHP Manisa Milletvekili Vehbi Bak\u0131rl\u0131o\u011flu \u201c\u0130\u015f\u00e7ilerimiz, sendika aksiyonlar\u0131nda sonuna kadar hakl\u0131lard\u0131r. Zira bu \u00f6zelle\u015ftirme olursa Soma&#8217;da, Mara\u015f&#8217;ta, T\u00fcrkiye&#8217;nin d\u00f6rt bir yan\u0131nda daha evvel yap\u0131lan \u00f6zelle\u015ftirmelerden sonra oradaki insanlar\u0131n ba\u015f\u0131na ne geldiyse \u00c7ay\u0131rhan&#8217;daki \u00e7al\u0131\u015fanlar\u0131n ba\u015f\u0131na da o gelecektir\u201d a\u00e7\u0131klamas\u0131n\u0131 yapt\u0131.<\/p>\n<p><b>Mansur Yava\u015f\u2019tan personellerin direni\u015fine tam takviye geldi<\/b><\/p>\n<p>\u0130\u015f\u00e7ilere\u00a0destek veren Ankara B\u00fcy\u00fck\u015fehir Belediyesi Ba\u015fkan\u0131 Mansur Yava\u015f, &#8220;\u0130\u015f\u00e7ilerimizin i\u015f g\u00fcvenli\u011fi sa\u011flanmal\u0131, haklar\u0131n\u0131 almalar\u0131 i\u00e7in bizim \u00fczerimize ne d\u00fc\u015f\u00fcyorsa b\u00fct\u00fcn siyasi parti temsilcilerimizle burada sonuna kadar gerilerindeyiz. Akl\u0131selim galip gelir ve bu be\u015ferler aileleriyle birlikte tekrar keyifli bir halde konutlar\u0131na d\u00f6nerler&#8221; diye konu\u015ftu. Yava\u015f, &#8220;4 ay evvel kendilerine bir d\u00fczg\u00fcnle\u015ftirme yap\u0131laca\u011f\u0131 konusunda kelam verildi lakin bir geli\u015fme olmay\u0131nca direni\u015fe devam ediyorlar. Biz de sonuna kadar destekliyoruz&#8221; dedi.<\/p>\n","protected":false},"excerpt":{"rendered":"<p>\u00c7ay\u0131rhan emek\u00e7ileri, Hazine ve Maliye Bakanl\u0131\u011f\u0131\u2019n\u0131n \u00f6n\u00fcnde \u00f6zelle\u015ftirme s\u00fcrecine kar\u015f\u0131 \u00e7\u0131karak \u201cTalebimiz muhakkak, halimiz net: Ya iptal, ya iptal\u201d dedi.<\/p>\n","protected":false},"author":1,"featured_media":36039,"comment_status":"open","ping_status":"open","sticky":false,"template":"","format":"standard","meta":{"footnotes":""},"categories":[24],"tags":[5746,857,2294,1129,5382],"class_list":["post-36038","post","type-post","status-publish","format-standard","has-post-thumbnail","hentry","category-ekonomi","tag-cayirhan","tag-isci","tag-iscileri","tag-maden","tag-ozellestirme"],"_links":{"self":[{"href":"https:\/\/ikimisli.tr\/index.php\/wp-json\/wp\/v2\/posts\/36038","targetHints":{"allow":["GET"]}}],"collection":[{"href":"https:\/\/ikimisli.tr\/index.php\/wp-json\/wp\/v2\/posts"}],"about":[{"href":"https:\/\/ikimisli.tr\/index.php\/wp-json\/wp\/v2\/types\/post"}],"author":[{"embeddable":true,"href":"https:\/\/ikimisli.tr\/index.php\/wp-json\/wp\/v2\/users\/1"}],"replies":[{"embeddable":true,"href":"https:\/\/ikimisli.tr\/index.php\/wp-json\/wp\/v2\/comments?post=36038"}],"version-history":[{"count":1,"href":"https:\/\/ikimisli.tr\/index.php\/wp-json\/wp\/v2\/posts\/36038\/revisions"}],"predecessor-version":[{"id":36042,"href":"https:\/\/ikimisli.tr\/index.php\/wp-json\/wp\/v2\/posts\/36038\/revisions\/36042"}],"wp:featuredmedia":[{"embeddable":true,"href":"https:\/\/ikimisli.tr\/index.php\/wp-json\/wp\/v2\/media\/36039"}],"wp:attachment":[{"href":"https:\/\/ikimisli.tr\/index.php\/wp-json\/wp\/v2\/media?parent=36038"}],"wp:term":[{"taxonomy":"category","embeddable":true,"href":"https:\/\/ikimisli.tr\/index.php\/wp-json\/wp\/v2\/categories?post=36038"},{"taxonomy":"post_tag","embeddable":true,"href":"https:\/\/ikimisli.tr\/index.php\/wp-json\/wp\/v2\/tags?post=36038"}],"curies":[{"name":"wp","href":"https:\/\/api.w.org\/{rel}","templated":true}]}}