{"id":36159,"date":"2025-05-09T02:12:20","date_gmt":"2025-05-09T02:12:20","guid":{"rendered":"https:\/\/ikimisli.tr\/?p=36159"},"modified":"2025-05-09T02:12:20","modified_gmt":"2025-05-09T02:12:20","slug":"6-ilde-daha-okullar-tatil-edildi","status":"publish","type":"post","link":"https:\/\/ikimisli.tr\/index.php\/2025\/05\/09\/6-ilde-daha-okullar-tatil-edildi\/","title":{"rendered":"6 ilde daha okullar tatil edildi"},"content":{"rendered":"<p>Kar ya\u011f\u0131\u015f\u0131 ve olumsuz hava kurallar\u0131 nedeniyle valiliklerden arka arda tatil haberleri geliyor. <\/p>\n<p>Karaman, Yozgat, Malatya, Erzincan, Ordu, Nev\u015fehir, Mu\u015f, Hakkari, Bing\u00f6l, Aksaray ve Ni\u011fde&#8217;de okullar 1 g\u00fcn tatil edilmi\u015fti. <\/p>\n<p><b>OKULLARIN TAT\u0130L ED\u0130LD\u0130\u011e\u0130 V\u0130LAYET VE \u0130L\u00c7ELER (14 \u015eUBAT CUMA)<\/b><\/p>\n<p>Bu kentlerin akabinde 6 vilayet ve birtak\u0131m il\u00e7elerde de okullar tatil edildi. <\/p>\n<p>Bitlis ve Mardin vilayet genelinde okullar tatil edildi.<\/p>\n<p>\u015e\u0131rnak&#8217;\u0131n Beyt\u00fc\u015f\u015febap il\u00e7esinde tesirli olan kar ya\u011f\u0131\u015f\u0131 nedeniyle t\u00fcm okullarda e\u011fitime 1 g\u00fcn orta verildi.<\/p>\n<p>Elaz\u0131\u011f&#8217;\u0131n Sivrice, Alacakaya, Ar\u0131cak ve Maden il\u00e7elerinde t\u00fcm okullarda, Baskil, Karako\u00e7an, Keban, Kovanc\u0131lar ve Palu il\u00e7elerinde ise ta\u015f\u0131mal\u0131 e\u011fitime bug\u00fcn orta verildi\u011fi belirtildi.<\/p>\n<p>Tokat&#8217;\u0131n Zile il\u00e7esinde olumsuz hava \u015fartlar\u0131 nedeniyle ta\u015f\u0131mal\u0131 e\u011fitime 1 g\u00fcn orta verildi.<\/p>\n<p>Tunceli&#8217;nin Ovac\u0131k, Naz\u0131miye, Hozat, Mazgirt ve \u00c7emi\u015fgezek il\u00e7elerimizde ta\u015f\u0131mal\u0131 e\u011fitime bir g\u00fcn orta verildi.<\/p>\n","protected":false},"excerpt":{"rendered":"<p>A\u011f\u0131r kar ya\u011f\u0131\u015f\u0131 nedeniyle Bitlis ve Mardin vilayet genelinde okullar tatil edildi.  \u015e\u0131rnak, Elaz\u0131\u011f, Tokat ve Tunceli&#8217;nin kimi il\u00e7elerinde ise e\u011fitime 1 g\u00fcn orta verildi.<\/p>\n","protected":false},"author":1,"featured_media":36160,"comment_status":"open","ping_status":"open","sticky":false,"template":"","format":"standard","meta":{"footnotes":""},"categories":[25],"tags":[1455,2664],"class_list":["post-36159","post","type-post","status-publish","format-standard","has-post-thumbnail","hentry","category-gundem","tag-okullar","tag-tatil"],"_links":{"self":[{"href":"https:\/\/ikimisli.tr\/index.php\/wp-json\/wp\/v2\/posts\/36159","targetHints":{"allow":["GET"]}}],"collection":[{"href":"https:\/\/ikimisli.tr\/index.php\/wp-json\/wp\/v2\/posts"}],"about":[{"href":"https:\/\/ikimisli.tr\/index.php\/wp-json\/wp\/v2\/types\/post"}],"author":[{"embeddable":true,"href":"https:\/\/ikimisli.tr\/index.php\/wp-json\/wp\/v2\/users\/1"}],"replies":[{"embeddable":true,"href":"https:\/\/ikimisli.tr\/index.php\/wp-json\/wp\/v2\/comments?post=36159"}],"version-history":[{"count":1,"href":"https:\/\/ikimisli.tr\/index.php\/wp-json\/wp\/v2\/posts\/36159\/revisions"}],"predecessor-version":[{"id":36161,"href":"https:\/\/ikimisli.tr\/index.php\/wp-json\/wp\/v2\/posts\/36159\/revisions\/36161"}],"wp:featuredmedia":[{"embeddable":true,"href":"https:\/\/ikimisli.tr\/index.php\/wp-json\/wp\/v2\/media\/36160"}],"wp:attachment":[{"href":"https:\/\/ikimisli.tr\/index.php\/wp-json\/wp\/v2\/media?parent=36159"}],"wp:term":[{"taxonomy":"category","embeddable":true,"href":"https:\/\/ikimisli.tr\/index.php\/wp-json\/wp\/v2\/categories?post=36159"},{"taxonomy":"post_tag","embeddable":true,"href":"https:\/\/ikimisli.tr\/index.php\/wp-json\/wp\/v2\/tags?post=36159"}],"curies":[{"name":"wp","href":"https:\/\/api.w.org\/{rel}","templated":true}]}}