{"id":36218,"date":"2025-05-09T05:24:14","date_gmt":"2025-05-09T05:24:14","guid":{"rendered":"https:\/\/ikimisli.tr\/?p=36218"},"modified":"2025-05-09T05:24:14","modified_gmt":"2025-05-09T05:24:14","slug":"donald-trump-ukrayna-rusya-savasinin-nedenini-acikladi","status":"publish","type":"post","link":"https:\/\/ikimisli.tr\/index.php\/2025\/05\/09\/donald-trump-ukrayna-rusya-savasinin-nedenini-acikladi\/","title":{"rendered":"Donald Trump, Ukrayna Rusya Sava\u015f\u0131&#8217;n\u0131n nedenini a\u00e7\u0131klad\u0131"},"content":{"rendered":"<p>ABD Ba\u015fkan\u0131 Donald Trump, Ukrayna\u2019n\u0131n NATO&#8217;ya kat\u0131lma ihtimalinin Rusya-Ukrayna Sava\u015f\u0131\u2019n\u0131n esas nedenlerinden biri oldu\u011funu s\u00f6yledi.<\/p>\n<p>Hindistan Ba\u015fbakan\u0131 Narendra Modi ile Beyaz Saray\u2019da d\u00fczenledi\u011fi ortak bas\u0131n toplant\u0131s\u0131nda konu\u015fan Trump, Moskova\u2019n\u0131n Ukrayna\u2019n\u0131n NATO\u2019ya kat\u0131lmas\u0131n\u0131 hi\u00e7bir vakit kabul etmeyece\u011fini tekraren belirtti\u011fini hat\u0131rlatt\u0131.<\/p>\n<p>Trump, \u201cilk g\u00fcnden beri, Devlet Ba\u015fkan\u0131 Putin\u2019den bile \u00f6nce, Ukrayna\u2019n\u0131n bir NATO \u00fcyesi olamayaca\u011f\u0131n\u0131 s\u00f6ylediler. Bunu Biden da s\u00f6yledi, Zelenski de s\u00f6yledi ve bence sava\u015f\u0131n ba\u015flamas\u0131n\u0131n sebeplerinden biri buydu. Bunu herkes biliyordu\u201d tabirlerini kulland\u0131.  <\/p>\n<p>Sava\u015f\u0131n sona ermesi i\u00e7in her iki taraf\u0131n da kimi ad\u0131mlar atmas\u0131 gerekti\u011fini belirten Trump, Ukrayna\u2019n\u0131n daha fazla taviz vermesi gerekece\u011fini ima etti.<\/p>\n<p>Rusya\u2019n\u0131n, Ukrayna\u2019n\u0131n NATO \u00fcyeli\u011fine yakla\u015fmas\u0131n\u0131 bir g\u00fcvenlik tehdidi olarak g\u00f6rd\u00fc\u011f\u00fcn\u00fc vurgulayan Trump, Bat\u0131\u2019n\u0131n bu mevzuda farkl\u0131 bir yol izleyebilece\u011fini s\u00f6yledi.<\/p>\n<p>Trump, \u201cBu noktada de\u011ferli olan, Putin\u2019in hakikaten ve kal\u0131c\u0131 bir bi\u00e7imde ate\u015fkesi kabul edip etmeyece\u011fi\u201d diyerek diplomatik tahlilin Rusya&#8217;ya ba\u011fl\u0131 oldu\u011funu vurgulad\u0131.<\/p>\n<p><b>&#8216;\u00c7\u0130N&#8217;LE D\u00dcZG\u00dcN ANLA\u015eIYORDUK&#8217;<\/b><\/p>\n<p>Trump, ABD-\u00c7in m\u00fcnasebetlerine de de\u011finerek \u00c7in Devlet Ba\u015fkan\u0131 \u015ei Cinping ile birinci ba\u015fkanl\u0131k periyodunda Covid-19\u2019un ba\u015flang\u0131c\u0131na kadar g\u00fczel alakalar\u0131 oldu\u011funu s\u00f6yledi.<\/p>\n<p>Trump, \u201c\u201cBence \u00c7in ile \u00e7ok \u00e2l\u00e2 bir m\u00fcnasebetimiz olacak. \u015ei ile \u00e7ok uygun anla\u015f\u0131yordum, ta ki Covid-19 olay\u0131na kadar. \u00c7in d\u00fcnya sahnesinde \u00e7ok de\u011ferli bir oyuncu ve Ukrayna-Rusya Sava\u015f\u0131\u2019n\u0131 bitirmemize yard\u0131mc\u0131 olabileceklerini d\u00fc\u015f\u00fcn\u00fcyorum\u201d dedi.<\/p>\n<p>\u00c7in\u2019in ABD ve Rusya\u2019n\u0131n akabinde n\u00fckleer silahlanma konusunda s\u00fcratle ilerledi\u011fini belirtti ve bu durumun global g\u00fcvenlik a\u00e7\u0131s\u0131ndan dikkatle ele al\u0131nmas\u0131 gerekti\u011fini s\u00f6z etti.  <\/p>\n<p>\u0130lk ba\u015fkanl\u0131k devrinde n\u00fckleer silahs\u0131zlanma konusunda ad\u0131mlar att\u0131\u011f\u0131n\u0131 hat\u0131rlatan Trump, b\u00fcy\u00fck g\u00fc\u00e7lerin askeri harcamalar\u0131na dikkat \u00e7ekti.<\/p>\n<p>ABD\u2019nin y\u0131ll\u0131k 900 milyar dolarl\u0131k askeri harcama yapt\u0131\u011f\u0131n\u0131, \u00c7in\u2019in bu say\u0131n\u0131n yakla\u015f\u0131k yar\u0131s\u0131n\u0131 harcad\u0131\u011f\u0131n\u0131 ve Rusya\u2019n\u0131n sava\u015f \u00f6ncesinde y\u0131ll\u0131k 100 milyar dolara yak\u0131n harcama yapt\u0131\u011f\u0131n\u0131 belirtti.<\/p>\n<p>Trump, \u201cBen de dedim ki, bu paray\u0131 birbirimize kar\u015f\u0131 harcamak sahiden mant\u0131kl\u0131 de\u011fil. \u015eayet yeterli ge\u00e7inirsek, bu paray\u0131 daha uygun emeller i\u00e7in harcayabiliriz\u201d diye konu\u015ftu.<\/p>\n","protected":false},"excerpt":{"rendered":"<p>ABD Ba\u015fkan\u0131 Donald Trump, Ukrayna\u2019n\u0131n NATO \u00fcyeli\u011fi ihtimalinin Rusya-Ukrayna Sava\u015f\u0131\u2019n\u0131n temel nedenlerinden biri oldu\u011funu savundu. Moskova\u2019n\u0131n bu durumu bir g\u00fcvenlik tehdidi olarak g\u00f6rd\u00fc\u011f\u00fcn\u00fc belirten Trump, bar\u0131\u015f\u0131n sa\u011flanmas\u0131 i\u00e7in Kiev\u2019in taviz vermesi gerekebilece\u011fini belirtti.<\/p>\n","protected":false},"author":1,"featured_media":36219,"comment_status":"open","ping_status":"open","sticky":false,"template":"","format":"standard","meta":{"footnotes":""},"categories":[43],"tags":[771,751,4323,131,5767],"class_list":["post-36218","post","type-post","status-publish","format-standard","has-post-thumbnail","hentry","category-dunya","tag-cin","tag-savas","tag-soyledi","tag-trump","tag-ukraynanin"],"_links":{"self":[{"href":"https:\/\/ikimisli.tr\/index.php\/wp-json\/wp\/v2\/posts\/36218","targetHints":{"allow":["GET"]}}],"collection":[{"href":"https:\/\/ikimisli.tr\/index.php\/wp-json\/wp\/v2\/posts"}],"about":[{"href":"https:\/\/ikimisli.tr\/index.php\/wp-json\/wp\/v2\/types\/post"}],"author":[{"embeddable":true,"href":"https:\/\/ikimisli.tr\/index.php\/wp-json\/wp\/v2\/users\/1"}],"replies":[{"embeddable":true,"href":"https:\/\/ikimisli.tr\/index.php\/wp-json\/wp\/v2\/comments?post=36218"}],"version-history":[{"count":1,"href":"https:\/\/ikimisli.tr\/index.php\/wp-json\/wp\/v2\/posts\/36218\/revisions"}],"predecessor-version":[{"id":36220,"href":"https:\/\/ikimisli.tr\/index.php\/wp-json\/wp\/v2\/posts\/36218\/revisions\/36220"}],"wp:featuredmedia":[{"embeddable":true,"href":"https:\/\/ikimisli.tr\/index.php\/wp-json\/wp\/v2\/media\/36219"}],"wp:attachment":[{"href":"https:\/\/ikimisli.tr\/index.php\/wp-json\/wp\/v2\/media?parent=36218"}],"wp:term":[{"taxonomy":"category","embeddable":true,"href":"https:\/\/ikimisli.tr\/index.php\/wp-json\/wp\/v2\/categories?post=36218"},{"taxonomy":"post_tag","embeddable":true,"href":"https:\/\/ikimisli.tr\/index.php\/wp-json\/wp\/v2\/tags?post=36218"}],"curies":[{"name":"wp","href":"https:\/\/api.w.org\/{rel}","templated":true}]}}