{"id":36287,"date":"2025-05-09T09:00:20","date_gmt":"2025-05-09T09:00:20","guid":{"rendered":"https:\/\/ikimisli.tr\/?p=36287"},"modified":"2025-05-09T09:00:20","modified_gmt":"2025-05-09T09:00:20","slug":"700-kilo-patlayici-ile-7-askerimizi-sehit-etmislerdi-cezalari-onandi","status":"publish","type":"post","link":"https:\/\/ikimisli.tr\/index.php\/2025\/05\/09\/700-kilo-patlayici-ile-7-askerimizi-sehit-etmislerdi-cezalari-onandi\/","title":{"rendered":"700 kilo patlay\u0131c\u0131 ile 7 askerimizi \u015fehit etmi\u015flerdi: Cezalar\u0131 onand\u0131"},"content":{"rendered":"<p>Diyarbak\u0131r\u2019da may\u0131n taramas\u0131ndan d\u00f6nen sivil askeri minib\u00fcs\u00fcn ge\u00e7i\u015fi s\u0131ras\u0131nda yola d\u00f6\u015fenen may\u0131n\u0131n uzaktan kumandayla patlat\u0131lmas\u0131yla 7 askerin \u015fehit edilmesinden sorumlu tutularak 7 kere a\u011f\u0131rla\u015ft\u0131r\u0131lm\u0131\u015f m\u00fcebbet, akabinde c\u00fcrm\u00fcn yard\u0131m etab\u0131nda kalmas\u0131 nedeniyle 105 y\u0131l mahpusla cezaland\u0131r\u0131lan M\u00fcrsel Erdem\u2019in mahk\u00fbmiyetini Yarg\u0131tay oy birli\u011fiyle onad\u0131.<\/p>\n<p>Sur \u0130l\u00e7esinin Alibardak K\u00f6y\u00fcnde may\u0131n taramas\u0131ndan d\u00f6nen sivil askeri minib\u00fcs\u00fcn ge\u00e7i\u015fi s\u0131ras\u0131nda yolun kenar\u0131ndaki menfeze yerle\u015ftirilen 700 kilo uzaktan kumandal\u0131 bomban\u0131n patlat\u0131larak Astsubay Halit Zilani \u00c7elik, erler Kadir G\u00f6rg\u00fcl\u00fc, Recep Bodur, Fatih Yeniay, Mustafa Bilgili, Mustafa Nerkis ve O\u011fuz Arslan\u2019\u0131n \u015fehit edildi\u011fi hain h\u00fccumla ilgili san\u0131k M\u00fcrsel Erdem\u2019e verilen 8 defa a\u011f\u0131rla\u015ft\u0131r\u0131lm\u0131\u015f m\u00fcebbet mahpusla cezas\u0131n\u0131 Yarg\u0131tay 3. Ceza Dairesi inceledi. San\u0131k temyiz m\u00fcracaat\u0131nda, olay\u0131 ger\u00e7ekle\u015ftiren ter\u00f6ristleri tehditle olay yerine getirdi\u011fini belirterek, \u201cDevletten ald\u0131\u011f\u0131m te\u015fvik kredisiyle Hazro \u0130l\u00e7esi \u015eahgeldi mezras\u0131nda hayvan \u00e7iftli\u011fi kurdum. Ter\u00f6ristler, \u2018Bizden m\u00fcsaade almadan buraya \u00e7iftlik kuramazs\u0131n. Bize de yard\u0131m edeceksin\u2019 dediler. \u00d6rg\u00fctle irtibat\u0131m tehditle ba\u015flad\u0131. \u00c7iftlikte ziyan edince tefecilere bor\u00e7land\u0131m. Tefecilerden kurtulmak i\u00e7in ter\u00f6ristlerin isteklerini kabul ettim. 7 askerin \u015fehit oldu\u011fu olaydan bir g\u00fcn evvel bana \u015fifreli bir ileti geldi. Lice\u2019nin Ar\u0131kl\u0131 K\u00f6y\u00fcne gittim. \u0130ki ara\u00e7 beni bekliyordu. Ara\u00e7ta parmak izim \u00e7\u0131kmas\u0131n diye eldiven verdiler. \u00dc\u00e7 ter\u00f6risti patlaman\u0131n oldu\u011fu Alibardak K\u00f6y\u00fcne getirdim. Bana k\u00f6yde ya\u015fayan HDP\u2019li ve AKP\u2019lilerin meskenlerini sordular. Sonra meskeninin ah\u0131r\u0131na bomba d\u00fczene\u011fi kurulan san\u0131k Abdulmenaf Tanr\u0131kulu\u2019nu \u00e7a\u011f\u0131rd\u0131k. Ter\u00f6ristler kendisine, \u2018Burada kalmam\u0131z gerekiyor. Yoldan ge\u00e7en askeri ara\u00e7lar\u0131 sayaca\u011f\u0131z\u2019 dediler. O da, konutun yan\u0131ndaki b\u00fcy\u00fck ah\u0131ra gitmelerini, e\u015fi ve \u00e7ocuklar\u0131n\u0131n kendilerini g\u00f6rmemesini istedi. 7 asker \u015fehit olunca olay\u0131 benim ara\u00e7la getirdi\u011fim ter\u00f6ristlerin yapt\u0131\u011f\u0131n\u0131 anlad\u0131m. \u00c7ok pi\u015fman\u0131m\u201d dedi.<\/p>\n<p><b>KABLONUN UCU AHIRDA \u00c7IKTI<\/b><\/p>\n<p>Yarg\u0131tay, patlaman\u0131n oldu\u011fu yerden k\u00f6ye yanl\u0131\u015fs\u0131z 350 metre uzunlukta elektrik kablosunun bu\u011fday ekili topra\u011fa g\u00f6m\u00fclerek gizlendi\u011fini, kabloyu takip eden uzman gruplar ate\u015fleme d\u00fczene\u011finin san\u0131k Abdulmenaf Tanr\u0131kulu\u2019nun ah\u0131r\u0131na uzand\u0131\u011f\u0131n\u0131, ah\u0131rda biten elektrik kablosunun yan\u0131nda ayr\u0131yeten bombay\u0131 harekete ge\u00e7iren ak\u00fc bulundu\u011funa dikkat \u00e7ekti. Bomban\u0131n asfalt\u0131n alt\u0131ndan ge\u00e7en menfeze yerle\u015ftirildi\u011fi, asfalt\u0131n alt\u0131nda ayr\u0131yeten su tahliye borusu bulundu\u011fu, menfezin yap\u0131lan yol \u00e7al\u0131\u015fmalar\u0131 nedeniyle g\u00f6r\u00fcnmeyecek hale gelmesinden \u00f6t\u00fcr\u00fc ter\u00f6ristlerin sinyal kesici jammerlardan etkilenmemek i\u00e7in bombay\u0131 asfalt\u0131n alt\u0131ndan ge\u00e7en bo\u015flu\u011fa yerle\u015ftirdikleri s\u00f6z edildi. Yarg\u0131tay, san\u0131k M\u00fcrsel Erdem\u2019in ter\u00f6ristleri k\u00f6ye getirdikten sonra Abdulmenaf Tanr\u0131kulu ile irtibata ge\u00e7erek olay \u00f6ncesi ke\u015fif yapt\u0131klar\u0131n\u0131, menfeze bomba yerle\u015ftiren ter\u00f6ristlerin geceyi Tanr\u0131kulu\u2019nun ah\u0131r\u0131nda ge\u00e7irip sonraki sabah askeri arac\u0131n ge\u00e7i\u015fi s\u0131ras\u0131nda bombay\u0131 patlatarak 7 askeri \u015fehit ettiklerinin evraktaki kan\u0131t ve tabirlerle sabit oldu\u011funu vurgulad\u0131.<\/p>\n<p><b>A\u011eIRLA\u015eTIRILMI\u015e M\u00dcEBBET VE 105 YIL HAP\u0130S<\/b><\/p>\n<p>Yarg\u0131tay 3. Ceza Dairesi, san\u0131k M\u00fcrsel Erdem\u2019in ter\u00f6r \u00f6rg\u00fct\u00fcne aktiflik kazand\u0131rmak, vatanda\u015flara g\u00f6zda\u011f\u0131 vererek devlet otoritesini yok etmek emeliyle ger\u00e7ekle\u015ftirilen taarruzda yer ald\u0131\u011f\u0131n\u0131n sabit oldu\u011funu, kan\u0131tlar\u0131n hukuka uygun elde edildi\u011fini, vicdani kanaatin tam has\u0131l olmas\u0131 nedeniyle san\u0131\u011f\u0131n \u201cDevletin birli\u011fini ve b\u00fct\u00fcnl\u00fc\u011f\u00fcn\u00fc bozmak, ki\u015fiyi yerine getirdi\u011fi kamu misyonundan \u00f6t\u00fcr\u00fc \u00f6ld\u00fcrmek\u201d kabahatinden 8 kere a\u011f\u0131rla\u015ft\u0131r\u0131lm\u0131\u015f m\u00fcebbet, akabinde c\u00fcrm\u00fcn yard\u0131m evresinde kalmas\u0131 nedeniyle her \u015fehit i\u00e7in 15\u2019er y\u0131l olmak \u00fczere 105 y\u0131l mahpusla cezaland\u0131r\u0131lmas\u0131nda bir isabetsizlik g\u00f6r\u00fclmedi\u011finden mahkumiyet karar\u0131n\u0131n oy birli\u011fiyle onanmas\u0131na karar verdi.<\/p>\n<p>\u00a0<\/p>\n","protected":false},"excerpt":{"rendered":"<p>Yarg\u0131tay, Diyarbak\u0131r\u2019da 7 askerimizi \u015fehit eden ter\u00f6ristlerin cezas\u0131n\u0131 onad\u0131.<\/p>\n","protected":false},"author":1,"featured_media":36288,"comment_status":"open","ping_status":"open","sticky":false,"template":"","format":"standard","meta":{"footnotes":""},"categories":[25],"tags":[927,3794,564,164,5774],"class_list":["post-36287","post","type-post","status-publish","format-standard","has-post-thumbnail","hentry","category-gundem","tag-askeri","tag-bomba","tag-sanik","tag-sehit","tag-teroristleri"],"_links":{"self":[{"href":"https:\/\/ikimisli.tr\/index.php\/wp-json\/wp\/v2\/posts\/36287","targetHints":{"allow":["GET"]}}],"collection":[{"href":"https:\/\/ikimisli.tr\/index.php\/wp-json\/wp\/v2\/posts"}],"about":[{"href":"https:\/\/ikimisli.tr\/index.php\/wp-json\/wp\/v2\/types\/post"}],"author":[{"embeddable":true,"href":"https:\/\/ikimisli.tr\/index.php\/wp-json\/wp\/v2\/users\/1"}],"replies":[{"embeddable":true,"href":"https:\/\/ikimisli.tr\/index.php\/wp-json\/wp\/v2\/comments?post=36287"}],"version-history":[{"count":1,"href":"https:\/\/ikimisli.tr\/index.php\/wp-json\/wp\/v2\/posts\/36287\/revisions"}],"predecessor-version":[{"id":36289,"href":"https:\/\/ikimisli.tr\/index.php\/wp-json\/wp\/v2\/posts\/36287\/revisions\/36289"}],"wp:featuredmedia":[{"embeddable":true,"href":"https:\/\/ikimisli.tr\/index.php\/wp-json\/wp\/v2\/media\/36288"}],"wp:attachment":[{"href":"https:\/\/ikimisli.tr\/index.php\/wp-json\/wp\/v2\/media?parent=36287"}],"wp:term":[{"taxonomy":"category","embeddable":true,"href":"https:\/\/ikimisli.tr\/index.php\/wp-json\/wp\/v2\/categories?post=36287"},{"taxonomy":"post_tag","embeddable":true,"href":"https:\/\/ikimisli.tr\/index.php\/wp-json\/wp\/v2\/tags?post=36287"}],"curies":[{"name":"wp","href":"https:\/\/api.w.org\/{rel}","templated":true}]}}