{"id":36290,"date":"2025-05-09T09:12:29","date_gmt":"2025-05-09T09:12:29","guid":{"rendered":"https:\/\/ikimisli.tr\/?p=36290"},"modified":"2025-05-09T09:12:29","modified_gmt":"2025-05-09T09:12:29","slug":"izmirde-hirsizlik-operasyonunda-65-gozalti-30-tutuklama","status":"publish","type":"post","link":"https:\/\/ikimisli.tr\/index.php\/2025\/05\/09\/izmirde-hirsizlik-operasyonunda-65-gozalti-30-tutuklama\/","title":{"rendered":"\u0130zmir&#8217;de h\u0131rs\u0131zl\u0131k operasyonunda 65 g\u00f6zalt\u0131 30 tutuklama"},"content":{"rendered":"<p>\u0130zmir \u0130l Emniyet M\u00fcd\u00fcrl\u00fc\u011f\u00fc Asayi\u015f \u015eube M\u00fcd\u00fcrl\u00fc\u011f\u00fc H\u0131rs\u0131zl\u0131k ve Yankesicilik ile Oto H\u0131rs\u0131zl\u0131\u011f\u0131 Ofis Amirli\u011fi gruplar\u0131, h\u0131rs\u0131zl\u0131k olay\u0131na kar\u0131\u015ft\u0131\u011f\u0131 tespit edilen \u015f\u00fcphelileri yakalamak i\u00e7in harekete ge\u00e7ti.<\/p>\n<p><b>65 KU\u015eKULU YAKALANMI\u015eTI<\/b><\/p>\n<p>Ekipler taraf\u0131ndan yap\u0131lan operasyonlarda, konuttan h\u0131rs\u0131zl\u0131k olaylar\u0131na kar\u0131\u015fan 11, oto h\u0131rs\u0131zl\u0131\u011f\u0131 olaylar\u0131na kar\u0131\u015fan 10, i\u015fyerinden h\u0131rs\u0131zl\u0131k olaylar\u0131n kar\u0131\u015fan 10, otodan h\u0131rs\u0131zl\u0131k olaylar\u0131na kar\u0131\u015fan 9, kapka\u00e7 olay\u0131na kar\u0131\u015fan 1, a\u00e7\u0131ktan h\u0131rs\u0131zl\u0131k olaylar\u0131na kar\u0131\u015fan 3, motosiklet h\u0131rs\u0131zl\u0131\u011f\u0131 olaylar\u0131na kar\u0131\u015fan 11, bisiklet ve elektrikli bisiklet h\u0131rs\u0131zl\u0131\u011f\u0131 olaylar\u0131na kar\u0131\u015fan 2, itimad\u0131 berbata kullanma olaylar\u0131na kar\u0131\u015fan 3 ku\u015fkulu ile hakk\u0131nda kat\u0131la\u015fm\u0131\u015f 48 y\u0131l 9 ay mahpus cezas\u0131 bulunan 5 ku\u015fkulu olmak \u00fczere toplam 65 ku\u015fkulu yakaland\u0131. <\/p>\n<p><img decoding=\"async\" src=\"https:\/\/ikimisli.tr\/wp-content\/uploads\/2025\/05\/izmirde-hirsizlik-operasyonunda-65-gozalti-30-tutuklama-0-7DG7YIzb.png\"\/><\/p>\n<p>Ekipler taraf\u0131ndan yap\u0131lan operasyonlarda, s\u00fcre\u00e7 yap\u0131lan toplam 65 \u015f\u00fcpheliden 30&#8217;u \u00e7\u0131kar\u0131ld\u0131\u011f\u0131 mahkemece tutuklanarak cezaevine g\u00f6nderildi.<\/p>\n","protected":false},"excerpt":{"rendered":"<p>\u0130zmir&#8217;de polis gruplar\u0131 taraf\u0131ndan yap\u0131lan \u00e7al\u0131\u015fmalarda h\u0131rs\u0131zl\u0131k olay\u0131na kar\u0131\u015ft\u0131\u011f\u0131 tespit edilen \u015fah\u0131slara y\u00f6nelik operasyon d\u00fczenlendi. Operasyonda 65 ku\u015fkulu yakalan\u0131rken, 30&#8217;u \u00e7\u0131kar\u0131ld\u0131\u011f\u0131 mahkemece tutuklanarak cezaevine g\u00f6nderildi.<\/p>\n","protected":false},"author":1,"featured_media":36291,"comment_status":"open","ping_status":"open","sticky":false,"template":"","format":"standard","meta":{"footnotes":""},"categories":[25],"tags":[1862,410],"class_list":["post-36290","post","type-post","status-publish","format-standard","has-post-thumbnail","hentry","category-gundem","tag-hirsizlik","tag-supheli"],"_links":{"self":[{"href":"https:\/\/ikimisli.tr\/index.php\/wp-json\/wp\/v2\/posts\/36290","targetHints":{"allow":["GET"]}}],"collection":[{"href":"https:\/\/ikimisli.tr\/index.php\/wp-json\/wp\/v2\/posts"}],"about":[{"href":"https:\/\/ikimisli.tr\/index.php\/wp-json\/wp\/v2\/types\/post"}],"author":[{"embeddable":true,"href":"https:\/\/ikimisli.tr\/index.php\/wp-json\/wp\/v2\/users\/1"}],"replies":[{"embeddable":true,"href":"https:\/\/ikimisli.tr\/index.php\/wp-json\/wp\/v2\/comments?post=36290"}],"version-history":[{"count":1,"href":"https:\/\/ikimisli.tr\/index.php\/wp-json\/wp\/v2\/posts\/36290\/revisions"}],"predecessor-version":[{"id":36293,"href":"https:\/\/ikimisli.tr\/index.php\/wp-json\/wp\/v2\/posts\/36290\/revisions\/36293"}],"wp:featuredmedia":[{"embeddable":true,"href":"https:\/\/ikimisli.tr\/index.php\/wp-json\/wp\/v2\/media\/36291"}],"wp:attachment":[{"href":"https:\/\/ikimisli.tr\/index.php\/wp-json\/wp\/v2\/media?parent=36290"}],"wp:term":[{"taxonomy":"category","embeddable":true,"href":"https:\/\/ikimisli.tr\/index.php\/wp-json\/wp\/v2\/categories?post=36290"},{"taxonomy":"post_tag","embeddable":true,"href":"https:\/\/ikimisli.tr\/index.php\/wp-json\/wp\/v2\/tags?post=36290"}],"curies":[{"name":"wp","href":"https:\/\/api.w.org\/{rel}","templated":true}]}}