{"id":36470,"date":"2025-05-09T19:36:21","date_gmt":"2025-05-09T19:36:21","guid":{"rendered":"https:\/\/ikimisli.tr\/?p=36470"},"modified":"2025-05-09T19:36:21","modified_gmt":"2025-05-09T19:36:21","slug":"cernobile-yapilan-saldiri-turkiyeyi-etkiler-mi-cernobilden-turkiye-etkilenecek-mi","status":"publish","type":"post","link":"https:\/\/ikimisli.tr\/index.php\/2025\/05\/09\/cernobile-yapilan-saldiri-turkiyeyi-etkiler-mi-cernobilden-turkiye-etkilenecek-mi\/","title":{"rendered":"\u00c7ernobil&#8217;e yap\u0131lan sald\u0131r\u0131 T\u00fcrkiye&#8217;yi etkiler mi? \u00c7ernobil&#8217;den T\u00fcrkiye etkilenecek mi?"},"content":{"rendered":"<p>Ukrayna Devlet Ba\u015fkan\u0131 Volodimir Zelenskiy, sosyal medya hesab\u0131ndan yapt\u0131\u011f\u0131 a\u00e7\u0131klamada Rusya&#8217;n\u0131n bir \u0130HA ile \u00c7ernobil N\u00fckleer Santrali&#8217;ne taarruz d\u00fczenledi\u011fini duyurdu. Santralin y\u0131k\u0131lan 4. reakt\u00f6r\u00fcn\u00fc koruyan yap\u0131n\u0131n hasar g\u00f6rd\u00fc\u011f\u00fc bildirilirken, T\u00fcrkiye&#8217;nin m\u00fcmk\u00fcn bir n\u00fckleer s\u0131z\u0131nt\u0131dan etkilenip etkilenmeyece\u011fi ise merak konusu oldu&#8230;<\/p>\n<p>Sald\u0131r\u0131 sonras\u0131 Ukraynal\u0131 yetkililer taraf\u0131ndan yap\u0131lan birinci de\u011ferlendirmelerde hasar\u0131n \u00f6nemli oldu\u011fu belirtilirken; yang\u0131n\u0131n k\u0131sa m\u00fcddette s\u00f6nd\u00fcr\u00fcld\u00fc\u011f\u00fc ve radyasyon d\u00fczeyinde rastgele bir art\u0131\u015f tespit edilmedi\u011fi bildirildi. Yani a\u00e7\u0131klamaya nazaran; bu taarruzun akabinde T\u00fcrkiye&#8217;deki radyasyon d\u00fczeyinde de rastgele bir art\u0131\u015f olmayacak&#8230;<\/p>\n<p>\u00a0<\/p>\n<p><b>\u00c7ERNOB\u0130L \u015eU ANDA NE DURUMDA? \u00c7ERNOB\u0130L SANTRAL\u0130 \u00c7ALI\u015eIYOR MU?<\/b><\/p>\n<p>\u00c7ernobil N\u00fckleer Santrali&#8217;nin i\u015fleyen son reakt\u00f6r\u00fc, 15 Aral\u0131k 2000 tarihinde kapat\u0131ld\u0131. N\u00fckleer facian\u0131n ya\u015fand\u0131\u011f\u0131 reakt\u00f6r\u00fcn enkaz\u0131 da radyoaktif s\u0131z\u0131nt\u0131y\u0131 engellemek i\u00e7in 2016 y\u0131l\u0131nda dev bir \u00e7elik kalkanla \u00f6rt\u00fcld\u00fc. Yak\u0131n vakitte; \u015fu anda devre d\u0131\u015f\u0131 olan \u00c7ernobil N\u00fckleer Santrali&#8217;nin bulundu\u011fu b\u00f6lgede g\u00fcne\u015f g\u00fcc\u00fc santrali ve Avrupa i\u00e7in n\u00fckleer yak\u0131t depolama tesisi kurmaya y\u00f6nelik projeler g\u00fcndeme gelmi\u015fti.<\/p>\n","protected":false},"excerpt":{"rendered":"<p>Rusya&#8217;n\u0131n bir insans\u0131z hava arac\u0131 (\u0130HA) ile \u00c7ernobil N\u00fckleer Santrali&#8217;ne d\u00fczenledi\u011fi h\u00fccumun akabinde en \u00e7ok merak edilen sorulardan biri, T\u00fcrkiye&#8217;yi etkileyip etkilemeyece\u011fi oldu&#8230; \u0130\u015fte kar\u015f\u0131l\u0131\u011f\u0131&#8230;<\/p>\n","protected":false},"author":1,"featured_media":36471,"comment_status":"open","ping_status":"open","sticky":false,"template":"","format":"standard","meta":{"footnotes":""},"categories":[25],"tags":[5019,198,5794],"class_list":["post-36470","post","type-post","status-publish","format-standard","has-post-thumbnail","hentry","category-gundem","tag-cernobil","tag-nukleer","tag-santrali"],"_links":{"self":[{"href":"https:\/\/ikimisli.tr\/index.php\/wp-json\/wp\/v2\/posts\/36470","targetHints":{"allow":["GET"]}}],"collection":[{"href":"https:\/\/ikimisli.tr\/index.php\/wp-json\/wp\/v2\/posts"}],"about":[{"href":"https:\/\/ikimisli.tr\/index.php\/wp-json\/wp\/v2\/types\/post"}],"author":[{"embeddable":true,"href":"https:\/\/ikimisli.tr\/index.php\/wp-json\/wp\/v2\/users\/1"}],"replies":[{"embeddable":true,"href":"https:\/\/ikimisli.tr\/index.php\/wp-json\/wp\/v2\/comments?post=36470"}],"version-history":[{"count":1,"href":"https:\/\/ikimisli.tr\/index.php\/wp-json\/wp\/v2\/posts\/36470\/revisions"}],"predecessor-version":[{"id":36472,"href":"https:\/\/ikimisli.tr\/index.php\/wp-json\/wp\/v2\/posts\/36470\/revisions\/36472"}],"wp:featuredmedia":[{"embeddable":true,"href":"https:\/\/ikimisli.tr\/index.php\/wp-json\/wp\/v2\/media\/36471"}],"wp:attachment":[{"href":"https:\/\/ikimisli.tr\/index.php\/wp-json\/wp\/v2\/media?parent=36470"}],"wp:term":[{"taxonomy":"category","embeddable":true,"href":"https:\/\/ikimisli.tr\/index.php\/wp-json\/wp\/v2\/categories?post=36470"},{"taxonomy":"post_tag","embeddable":true,"href":"https:\/\/ikimisli.tr\/index.php\/wp-json\/wp\/v2\/tags?post=36470"}],"curies":[{"name":"wp","href":"https:\/\/api.w.org\/{rel}","templated":true}]}}