{"id":36487,"date":"2025-05-09T20:36:17","date_gmt":"2025-05-09T20:36:17","guid":{"rendered":"https:\/\/ikimisli.tr\/?p=36487"},"modified":"2025-05-09T20:36:17","modified_gmt":"2025-05-09T20:36:17","slug":"turkiye-basketbol-ligi-ekibi-logo-degisimine-gitti","status":"publish","type":"post","link":"https:\/\/ikimisli.tr\/index.php\/2025\/05\/09\/turkiye-basketbol-ligi-ekibi-logo-degisimine-gitti\/","title":{"rendered":"T\u00fcrkiye Basketbol Ligi ekibi, logo de\u011fi\u015fimine gitti"},"content":{"rendered":"<p>T\u00fcrkiye Basketbol Ligi\u2019nde \u00e7aba eden tak\u0131mlardan iLab Basketboli logo de\u011fi\u015fimine gitti.<\/p>\n<p>2024-2025 d\u00f6nemine kadar iLab k\u00fcme \u015firketlerinden Sigortam.net\u2019in isim sponsorlu\u011fu ile T\u00fcrkiye Basketbol Ligi\u2019nde yer alan kadro yeni d\u00f6nem itibariyle \u201ciLab Basketbol\u201d ismiyle alandaki \u00e7abas\u0131na ba\u015flam\u0131\u015ft\u0131.  Yenilen kimli\u011finin kesimi olarak logosunu da de\u011fi\u015ftiren iLab Basketbol, TBL\u2019deki \u00fcst s\u0131ralar\u0131 hedefliyor.<\/p>\n<p>iLab K\u00fcmesi Kurucu Lideri ve tak\u0131m\u0131n Y\u00f6netim Kurulu Lideri Mustafa Say,  hedeflerinin T\u00fcrk basketboluna uzun vadeli ve s\u00fcrd\u00fcr\u00fclebilir katk\u0131 sa\u011flamak oldu\u011funu vurgulayarak, isim ve logo de\u011fi\u015fikli\u011finin kolay bir kurumsal kimlik yenilemesinden \u00e7ok daha fazlas\u0131 oldu\u011funu belirtti.<\/p>\n","protected":false},"excerpt":{"rendered":"<p>T\u00fcrkiye Basketbol Ligi\u2019nin arg\u00fcmanl\u0131 ekiplerinden iLab Basketbol, logosunu de\u011fi\u015ftirdi<\/p>\n","protected":false},"author":1,"featured_media":36488,"comment_status":"open","ping_status":"open","sticky":false,"template":"","format":"standard","meta":{"footnotes":""},"categories":[30],"tags":[801,5796],"class_list":["post-36487","post","type-post","status-publish","format-standard","has-post-thumbnail","hentry","category-spor","tag-basketbol","tag-ilab"],"_links":{"self":[{"href":"https:\/\/ikimisli.tr\/index.php\/wp-json\/wp\/v2\/posts\/36487","targetHints":{"allow":["GET"]}}],"collection":[{"href":"https:\/\/ikimisli.tr\/index.php\/wp-json\/wp\/v2\/posts"}],"about":[{"href":"https:\/\/ikimisli.tr\/index.php\/wp-json\/wp\/v2\/types\/post"}],"author":[{"embeddable":true,"href":"https:\/\/ikimisli.tr\/index.php\/wp-json\/wp\/v2\/users\/1"}],"replies":[{"embeddable":true,"href":"https:\/\/ikimisli.tr\/index.php\/wp-json\/wp\/v2\/comments?post=36487"}],"version-history":[{"count":1,"href":"https:\/\/ikimisli.tr\/index.php\/wp-json\/wp\/v2\/posts\/36487\/revisions"}],"predecessor-version":[{"id":36489,"href":"https:\/\/ikimisli.tr\/index.php\/wp-json\/wp\/v2\/posts\/36487\/revisions\/36489"}],"wp:featuredmedia":[{"embeddable":true,"href":"https:\/\/ikimisli.tr\/index.php\/wp-json\/wp\/v2\/media\/36488"}],"wp:attachment":[{"href":"https:\/\/ikimisli.tr\/index.php\/wp-json\/wp\/v2\/media?parent=36487"}],"wp:term":[{"taxonomy":"category","embeddable":true,"href":"https:\/\/ikimisli.tr\/index.php\/wp-json\/wp\/v2\/categories?post=36487"},{"taxonomy":"post_tag","embeddable":true,"href":"https:\/\/ikimisli.tr\/index.php\/wp-json\/wp\/v2\/tags?post=36487"}],"curies":[{"name":"wp","href":"https:\/\/api.w.org\/{rel}","templated":true}]}}