{"id":36517,"date":"2025-05-09T22:24:17","date_gmt":"2025-05-09T22:24:17","guid":{"rendered":"https:\/\/ikimisli.tr\/?p=36517"},"modified":"2025-05-09T22:24:17","modified_gmt":"2025-05-09T22:24:17","slug":"en-nesyrinin-inanilmaz-golu-gundemde-avrupanin-adayi","status":"publish","type":"post","link":"https:\/\/ikimisli.tr\/index.php\/2025\/05\/09\/en-nesyrinin-inanilmaz-golu-gundemde-avrupanin-adayi\/","title":{"rendered":"En-Nesyri&#8217;nin inan\u0131lmaz gol\u00fc g\u00fcndemde! Avrupa&#8217;n\u0131n aday\u0131"},"content":{"rendered":"<p>UEFA Avrupa Ligi son 16 play-off \u00e7e\u015fidi birinci ma\u00e7\u0131nda konuk etti\u011fi Bel\u00e7ika&#8217;n\u0131n Anderlecht kadrosunu 3-0 yenen Fenerbah\u00e7e, r\u00f6van\u015f \u00f6ncesinde b\u00fcy\u00fck avantaj yakalad\u0131.<\/p>\n<p>Sar\u0131-Lacivertlilerin 3. gol\u00fcn\u00fc kaydeden Youssef En-Nesyri, 13.4 metreden att\u0131\u011f\u0131 ba\u015f gol\u00fcyle Anderlecht savunmas\u0131n\u0131 \u00e7aresiz b\u0131rakt\u0131.<\/p>\n<p><b>HAVADA ASILI KALDI<\/b><\/p>\n<p>Fasl\u0131 forvet, orta alandan yapt\u0131\u011f\u0131 ko\u015fuyla kaleye 13.4 metre uzakl\u0131ktan ba\u015f\u0131yla yapt\u0131\u011f\u0131 vuru\u015fta en yak\u0131n rakibi ile ortas\u0131nda 4.8 metre uzakl\u0131k b\u0131rakt\u0131. Yapt\u0131\u011f\u0131 tesirli ba\u015f vuru\u015fu ile izleyenleri hayran b\u0131rakan En-Nesyri&#8217;nin Anderlecht&#8217;e att\u0131\u011f\u0131 ba\u015f gol\u00fc, UEFA Avrupa Ligi&#8217;nde &#8216;Haftan\u0131n Gol\u00fc&#8217; adaylar\u0131 ortas\u0131nda yer ald\u0131.<\/p>\n<p><b>\u0130K\u0130 YILDIZI YAKALADI<\/b><\/p>\n<p>Bu d\u00f6nem Avrupa kupalar\u0131nda k\u00fcme etab\u0131 ve sonras\u0131 basamaklar\u0131nda rakip fileleri 5 kere havaland\u0131ran Youssef En-Nesyri, Tuncay Ulu ve Deivid de Souza&#8217;n\u0131n akabinde Fenerbah\u00e7e tarihinde tek d\u00f6nemde bu say\u0131ya ula\u015fan \u00fc\u00e7\u00fcnc\u00fc oyuncu oldu.<\/p>\n<p>https:\/\/twitter.com\/EuropaLeague\/status\/1890176429821989326<\/p>\n","protected":false},"excerpt":{"rendered":"<p>Fenerbah\u00e7e&#8217;nin Anderlecht kar\u015f\u0131s\u0131nda kaydetti\u011fi 3. gol\u00fcn sahibi Youssef En-Nesyri, 13.4 metreden rakibini ba\u015f vuru\u015fu ile avlad\u0131. Fasl\u0131 y\u0131ld\u0131z\u0131n gol\u00fc, UEFA Avrupa Ligi&#8217;nde &#8216;Haftan\u0131n Gol\u00fc&#8217; adaylar\u0131 ortas\u0131nda yer ald\u0131.<\/p>\n","protected":false},"author":1,"featured_media":36519,"comment_status":"open","ping_status":"open","sticky":false,"template":"","format":"standard","meta":{"footnotes":""},"categories":[30],"tags":[],"class_list":["post-36517","post","type-post","status-publish","format-standard","has-post-thumbnail","hentry","category-spor"],"_links":{"self":[{"href":"https:\/\/ikimisli.tr\/index.php\/wp-json\/wp\/v2\/posts\/36517","targetHints":{"allow":["GET"]}}],"collection":[{"href":"https:\/\/ikimisli.tr\/index.php\/wp-json\/wp\/v2\/posts"}],"about":[{"href":"https:\/\/ikimisli.tr\/index.php\/wp-json\/wp\/v2\/types\/post"}],"author":[{"embeddable":true,"href":"https:\/\/ikimisli.tr\/index.php\/wp-json\/wp\/v2\/users\/1"}],"replies":[{"embeddable":true,"href":"https:\/\/ikimisli.tr\/index.php\/wp-json\/wp\/v2\/comments?post=36517"}],"version-history":[{"count":1,"href":"https:\/\/ikimisli.tr\/index.php\/wp-json\/wp\/v2\/posts\/36517\/revisions"}],"predecessor-version":[{"id":36520,"href":"https:\/\/ikimisli.tr\/index.php\/wp-json\/wp\/v2\/posts\/36517\/revisions\/36520"}],"wp:featuredmedia":[{"embeddable":true,"href":"https:\/\/ikimisli.tr\/index.php\/wp-json\/wp\/v2\/media\/36519"}],"wp:attachment":[{"href":"https:\/\/ikimisli.tr\/index.php\/wp-json\/wp\/v2\/media?parent=36517"}],"wp:term":[{"taxonomy":"category","embeddable":true,"href":"https:\/\/ikimisli.tr\/index.php\/wp-json\/wp\/v2\/categories?post=36517"},{"taxonomy":"post_tag","embeddable":true,"href":"https:\/\/ikimisli.tr\/index.php\/wp-json\/wp\/v2\/tags?post=36517"}],"curies":[{"name":"wp","href":"https:\/\/api.w.org\/{rel}","templated":true}]}}