{"id":36598,"date":"2025-05-10T03:12:14","date_gmt":"2025-05-10T03:12:14","guid":{"rendered":"https:\/\/ikimisli.tr\/?p=36598"},"modified":"2025-05-10T03:12:14","modified_gmt":"2025-05-10T03:12:14","slug":"erdogan-acikladi-bydnin-ardindan-turkiyeye-fabrika-acacak-cinli-otomotiv-devi-kim","status":"publish","type":"post","link":"https:\/\/ikimisli.tr\/index.php\/2025\/05\/10\/erdogan-acikladi-bydnin-ardindan-turkiyeye-fabrika-acacak-cinli-otomotiv-devi-kim\/","title":{"rendered":"Erdo\u011fan a\u00e7\u0131klad\u0131: ByD&#8217;nin ard\u0131ndan T\u00fcrkiye&#8217;ye fabrika a\u00e7acak \u00c7inli otomotiv\u00a0devi\u00a0kim?"},"content":{"rendered":"<p>Ge\u00e7ti\u011fimiz y\u0131l T\u00fcrkiye ile imzalad\u0131klar\u0131 protokol sonucunda Manisa&#8217;ya 1 milyar dolarl\u0131k yat\u0131r\u0131mla otomotiv fabrikas\u0131 kurma karar\u0131 alan \u00c7inli otomotiv devi ByD, Uzak Do\u011fu otomotiv piyasas\u0131n\u0131n T\u00fcrkiye&#8217;ye y\u00f6nelmesini h\u0131zland\u0131rd\u0131.\u00a0<\/p>\n<p><strong>&#8216;SAMSUN&#8217;DA FABR\u0130KA KURMA TE\u015eEBB\u00dcSLER\u0130 VAR&#8217;<\/strong><\/p>\n<p>ByD&#8217;nin akabinde \u00c7inli otomotiv devi Chery&#8217;nin de T\u00fcrkiye&#8217;de fabrika a\u00e7aca\u011f\u0131na y\u00f6nelik kesimde yay\u0131lan s\u00f6ylentilerin akabinde beklenen a\u00e7\u0131klama bug\u00fcn Cumhurba\u015fkan\u0131 Recep Tayyip Erdo\u011fan&#8217;dan geldi.\u00a0<\/p>\n<p><img decoding=\"async\" src=\"https:\/\/ikimisli.tr\/wp-content\/uploads\/2025\/05\/erdogan-acikladi-bydnin-ardindan-turkiyeye-fabrika-acacak-cinli-otomotivdevikim-0-aRnDGIrc.jpg\"\/><\/p>\n<p>Malezya, Endonezya ve Pakistan ziyaretleri d\u00f6n\u00fc\u015f\u00fc u\u00e7akta g\u00fcndeme ait de\u011ferlendirmelerde bulunan Erdo\u011fan, \u00c7in ba\u015fta olmak \u00fczere bir\u00e7ok Asya \u00fclkesinden T\u00fcrkiye&#8217;ye y\u00f6nelik otomotiv yat\u0131r\u0131m\u0131n\u0131n olabilece\u011fini belirterek, \u015fu tabirleri kulland\u0131:<\/p>\n<p>&#8220;Nitekim \u00c7inli bir firmayla muahede yapt\u0131k. Manisa&#8217;da bir fabrika kurma te\u015febb\u00fcsleri var. \u0130mzalar\u0131 \u0130stanbul&#8217;da Dolmabah\u00e7e&#8217;de att\u0131k. <\/p>\n<p>Yine \u00c7in&#8217;in bir ba\u015fka markas\u0131n\u0131n da Samsun&#8217;da bir fabrika kurma te\u015febb\u00fcsleri var. Bu hususta \u00e7al\u0131\u015fmalar devam ediyor, Sanayi ve Teknoloji Bakan\u0131m\u0131z Fatih Kac\u0131r da takibini yap\u0131yor. Her ikisi de d\u00fcnya \u00e7ap\u0131nda \u00f6nemli markalar. Bu ara\u00e7lar\u0131n Manisa ve Samsun&#8217;da \u00fcretilmesi T\u00fcrkiye&#8217;deki otomotiv dal\u0131na \u00e7ok farkl\u0131 bir hava getirecektir. Togg&#8217;un i\u00e7 piyasada yakalad\u0131\u011f\u0131 ba\u015far\u0131y\u0131, otomotivdeki bu ivmeyi s\u00fcrd\u00fcrmekte kararl\u0131y\u0131z. T\u00fcrkiye, Togg ile adeta d\u00fcnyaya sesleniyor ve &#8216;Biz de var\u0131z, buraday\u0131z ve g\u00fc\u00e7l\u00fcy\u00fcz&#8217; diyor.&#8221;<\/p>\n","protected":false},"excerpt":{"rendered":"<p>\u00c7inli otomotiv devi ByD, Manisa&#8217;da yapaca\u011f\u0131 1 milyar dolarl\u0131k otomotiv fabrikas\u0131 yat\u0131r\u0131m\u0131yla Uzak Do\u011fu \u015firketlerinin oda\u011f\u0131n\u0131n T\u00fcrkiye&#8217;ye y\u00f6nelmesine neden oldu. Cumhurba\u015fkan\u0131 Erdo\u011fan, bug\u00fcn yapt\u0131\u011f\u0131 a\u00e7\u0131klamada yeni bir \u00c7inli otomotiv \u00fcreticisinin T\u00fcrkiye&#8217;ye ilgi g\u00f6sterdi\u011fini belirterek, &#8216;Yine \u00c7in&#8217;in bir \u00f6teki markas\u0131n\u0131n da Samsun&#8217;da bir fabrika kurma te\u015febb\u00fcsleri var.&#8217; tabirlerini kulland\u0131.<\/p>\n","protected":false},"author":1,"featured_media":36599,"comment_status":"open","ping_status":"open","sticky":false,"template":"","format":"standard","meta":{"footnotes":""},"categories":[28],"tags":[771,1654,1100,113],"class_list":["post-36598","post","type-post","status-publish","format-standard","has-post-thumbnail","hentry","category-otomobil","tag-cin","tag-fabrika","tag-otomotiv","tag-turkiye"],"_links":{"self":[{"href":"https:\/\/ikimisli.tr\/index.php\/wp-json\/wp\/v2\/posts\/36598","targetHints":{"allow":["GET"]}}],"collection":[{"href":"https:\/\/ikimisli.tr\/index.php\/wp-json\/wp\/v2\/posts"}],"about":[{"href":"https:\/\/ikimisli.tr\/index.php\/wp-json\/wp\/v2\/types\/post"}],"author":[{"embeddable":true,"href":"https:\/\/ikimisli.tr\/index.php\/wp-json\/wp\/v2\/users\/1"}],"replies":[{"embeddable":true,"href":"https:\/\/ikimisli.tr\/index.php\/wp-json\/wp\/v2\/comments?post=36598"}],"version-history":[{"count":1,"href":"https:\/\/ikimisli.tr\/index.php\/wp-json\/wp\/v2\/posts\/36598\/revisions"}],"predecessor-version":[{"id":36601,"href":"https:\/\/ikimisli.tr\/index.php\/wp-json\/wp\/v2\/posts\/36598\/revisions\/36601"}],"wp:featuredmedia":[{"embeddable":true,"href":"https:\/\/ikimisli.tr\/index.php\/wp-json\/wp\/v2\/media\/36599"}],"wp:attachment":[{"href":"https:\/\/ikimisli.tr\/index.php\/wp-json\/wp\/v2\/media?parent=36598"}],"wp:term":[{"taxonomy":"category","embeddable":true,"href":"https:\/\/ikimisli.tr\/index.php\/wp-json\/wp\/v2\/categories?post=36598"},{"taxonomy":"post_tag","embeddable":true,"href":"https:\/\/ikimisli.tr\/index.php\/wp-json\/wp\/v2\/tags?post=36598"}],"curies":[{"name":"wp","href":"https:\/\/api.w.org\/{rel}","templated":true}]}}