{"id":36713,"date":"2025-05-10T08:48:23","date_gmt":"2025-05-10T08:48:23","guid":{"rendered":"https:\/\/ikimisli.tr\/?p=36713"},"modified":"2025-05-10T08:48:23","modified_gmt":"2025-05-10T08:48:23","slug":"izmirde-teror-orgutu-operasyonu-7-gozalti","status":"publish","type":"post","link":"https:\/\/ikimisli.tr\/index.php\/2025\/05\/10\/izmirde-teror-orgutu-operasyonu-7-gozalti\/","title":{"rendered":"\u0130zmir&#8217;de ter\u00f6r \u00f6rg\u00fct\u00fc operasyonu; 7 g\u00f6zalt\u0131"},"content":{"rendered":"<p>\u0130zmir Cumhuriyet Ba\u015fsavc\u0131l\u0131\u011f\u0131 koordinesindeki \u0130zmir \u0130l Emniyet M\u00fcd\u00fcrl\u00fc\u011f\u00fc Ter\u00f6rle U\u011fra\u015f ve \u0130stihbarat \u015eube M\u00fcd\u00fcrl\u00fc\u011f\u00fc&#8217;nce PKK\/KCK ter\u00f6r \u00f6rg\u00fct\u00fcn\u00fcn hareket ve faaliyetlerinin de\u015fifre edilmesine y\u00f6nelik \u00e7al\u0131\u015fma yap\u0131ld\u0131. Ter\u00f6r \u00f6rg\u00fct\u00fcn\u00fcn yap\u0131lanmas\u0131 olan Halklar\u0131n Demokratik Kongresi (HDK), T\u00fcrkiye Demokratik \u00d6rg\u00fctlenmesi (TD\u00d6) ve Bayan Yap\u0131lanmas\u0131 (TJA) i\u00e7erisinde faaliyet y\u00fcr\u00fctt\u00fckleri belirlenen, yurt i\u00e7i ve yurt d\u0131\u015f\u0131nda ter\u00f6r \u00f6rg\u00fct\u00fcn\u00fcn hareket ve aktifliklerine kat\u0131lan, toplumsal medya hesaplar\u0131ndan ter\u00f6r \u00f6rg\u00fct\u00fc propagandas\u0131 yapan, ortalar\u0131nda HDK \u0130zmir E\u015f S\u00f6zc\u00fcs\u00fc M.S.G., HDK \u00fcyeleri M.A. ve G.Y.&#8217;nin de bulundu\u011fu 7 \u015f\u00fcphelinin yakalanmas\u0131na y\u00f6nelik \u0130zmir, \u0130stanbul ve Mardin&#8217;de operasyon d\u00fczenlendi. Ku\u015fkular\u0131n tamam\u0131 yakaland\u0131. Ter\u00f6r \u00f6rg\u00fct\u00fc ile kontakl\u0131 dernek binas\u0131nda yap\u0131lan aramada \u00f6rg\u00fctsel kitap, mecmua, gazete, \u00e7ok say\u0131da dok\u00fcman ve dijital malzeme bulunurken, \u015f\u00fcphelilerin s\u00fcre\u00e7leri s\u00fcr\u00fcyor.<\/p>\n","protected":false},"excerpt":{"rendered":"<p>\u0130zmir merkezli 3 vilayette PKK\/KCK ter\u00f6r \u00f6rg\u00fct\u00fcne y\u00f6nelik operasyonda 7 ku\u015fkulu, g\u00f6zalt\u0131na al\u0131nd\u0131.<\/p>\n","protected":false},"author":1,"featured_media":36714,"comment_status":"open","ping_status":"open","sticky":false,"template":"","format":"standard","meta":{"footnotes":""},"categories":[25],"tags":[847],"class_list":["post-36713","post","type-post","status-publish","format-standard","has-post-thumbnail","hentry","category-gundem","tag-teror-orgutu"],"_links":{"self":[{"href":"https:\/\/ikimisli.tr\/index.php\/wp-json\/wp\/v2\/posts\/36713","targetHints":{"allow":["GET"]}}],"collection":[{"href":"https:\/\/ikimisli.tr\/index.php\/wp-json\/wp\/v2\/posts"}],"about":[{"href":"https:\/\/ikimisli.tr\/index.php\/wp-json\/wp\/v2\/types\/post"}],"author":[{"embeddable":true,"href":"https:\/\/ikimisli.tr\/index.php\/wp-json\/wp\/v2\/users\/1"}],"replies":[{"embeddable":true,"href":"https:\/\/ikimisli.tr\/index.php\/wp-json\/wp\/v2\/comments?post=36713"}],"version-history":[{"count":1,"href":"https:\/\/ikimisli.tr\/index.php\/wp-json\/wp\/v2\/posts\/36713\/revisions"}],"predecessor-version":[{"id":36715,"href":"https:\/\/ikimisli.tr\/index.php\/wp-json\/wp\/v2\/posts\/36713\/revisions\/36715"}],"wp:featuredmedia":[{"embeddable":true,"href":"https:\/\/ikimisli.tr\/index.php\/wp-json\/wp\/v2\/media\/36714"}],"wp:attachment":[{"href":"https:\/\/ikimisli.tr\/index.php\/wp-json\/wp\/v2\/media?parent=36713"}],"wp:term":[{"taxonomy":"category","embeddable":true,"href":"https:\/\/ikimisli.tr\/index.php\/wp-json\/wp\/v2\/categories?post=36713"},{"taxonomy":"post_tag","embeddable":true,"href":"https:\/\/ikimisli.tr\/index.php\/wp-json\/wp\/v2\/tags?post=36713"}],"curies":[{"name":"wp","href":"https:\/\/api.w.org\/{rel}","templated":true}]}}